{"id":8474,"date":"2023-08-29T18:12:31","date_gmt":"2023-08-29T17:12:31","guid":{"rendered":"https:\/\/www.visionlarge.ch\/Blog\/?p=8474"},"modified":"2026-01-18T11:03:45","modified_gmt":"2026-01-18T10:03:45","slug":"labbatiale-de-romainmotier-en-360","status":"publish","type":"post","link":"https:\/\/www.visionlarge.ch\/Blog\/labbatiale-de-romainmotier-en-360\/","title":{"rendered":"L&rsquo;Abbatiale de Romainm\u00f4tier en 360"},"content":{"rendered":"\n<p><\/p>\n\n\n\n<h1 class=\"wp-block-heading has-large-font-size\">Voici ma premi\u00e8re VR. Prise avec un petit 300D et un 17-40 F4 L dans l&rsquo;abbatiale de Romainm\u00f4tier en Suisse. <\/h1>\n\n\n\n<p>On est d&rsquo;accord, ce n\u2019est pas le truc le plus dingue de mes images. Mais, j&rsquo;adore cet endroit, l&rsquo;abbatiale est juste magnifique. <\/p>\n\n\n\n<p><a href=\"https:\/\/www.visionlarge.ch\/Blog\/tag\/spherique\/\">N&rsquo;h\u00e9sitez pas \u00e0 aller voir mes autres visites virtuelles 360 \u00e0 qui j&rsquo;ai redonn\u00e9 une deuxi\u00e8me vie gr\u00e2ce au Html5. C&rsquo;est ICI.<\/a><\/p>\n\n\n\n<p>Lorsque j&rsquo;ai r\u00e9alis\u00e9 cette VR (visite virtuelle) de l&rsquo;abbatiale, je ne poss\u00e9dais qu&rsquo;un petit Canon 300D et un objectif grand-angle Canon 17-40 L. C&rsquo;\u00e9tait, je crois, il y a pas loin de 20 ans.<\/p>\n\n\n\n<p>Le panorama sph\u00e9rique \u00e9tait tr\u00e8s tr\u00e8s peu connu. Il n&rsquo;existait pas beaucoup de soft permettant son montage et encore moins de t\u00eate panoramique toute pr\u00eate. C&rsquo;\u00e9tait du bricolage!<\/p>\n\n\n\n<p>\u00c9tant m\u00e9canicien de pr\u00e9cision quelques ann\u00e9es puis automaticien de m\u00e9tiers, je me suis lanc\u00e9 dans la course.  Des centaines de recherches m&rsquo;ont amen\u00e9 finalement sur le forum d&rsquo;EOS num\u00e9rique ou beaucoup de choses ont commenc\u00e9. C&rsquo;\u00e9tait les d\u00e9buts, les recherches de cotes de la pupille d&rsquo;entr\u00e9e, les bricolages de t\u00eate, les modifications d&rsquo;objectifs, les essais&#8230;. La belle \u00e9poque ou si tu n&rsquo;avais pas la passion, tu arr\u00eatais&#8230;<\/p>\n\n\n\n<p>Autopano, d&rsquo;Alexandre Jeni va faire avancer \u00e0 grands pas la photographie panoramique. Permettant de simplifier, acc\u00e9l\u00e9rer les montages des VR. Une grande r\u00e9volution dans le monde de la photographie. Alexandre nous \u00e9coutait, et prenait nos remarques. C&rsquo;\u00e9tait vraiment cool.<\/p>\n\n\n\n<p>Quelques ann\u00e9es plus tard, apr\u00e8s de dizaines de panoramas plats, sph\u00e9riques, 360&#8230; la grande folie s&rsquo;est estomp\u00e9e. Dommage. Les forums se sont essouffl\u00e9s, les entreprises comme Kolor ont ferm\u00e9s ou se sont fait racheter&#8230; Voir les deux&#8230; Gibie lui aussi malheureusement est parti.<\/p>\n\n\n\n<p>J&rsquo;ai beaucoup de nostalgie pour cette p\u00e9riode, car nous \u00e9tions tous passionn\u00e9s. C&rsquo;\u00e9tait une sorte de courses, a qui fait mieux, qui fait autre chose et d&rsquo;une autre mani\u00e8re.<\/p>\n\n\n\n<p>Alors voil\u00e0&#8230; Derri\u00e8re cette image, il y a beaucoup de travail, de recherches, d&rsquo;usinage de pi\u00e8ces, d&rsquo;essais, d&rsquo;heures de montages, de prise de vues&#8230; Il n&rsquo;y a pas d&rsquo;IA, de cam\u00e9ra 360Vr, de soft qui fait tout&#8230; Elle n&rsquo;est pas parfaite&#8230; j&rsquo;ai d&rsquo;ailleurs perdu les RAW&rsquo;s, j&rsquo;ai aussi perdu la version 2:1, du coup elle d\u00e9forme un peu&#8230; car pas tout \u00e0 fait au format. Mais je l&rsquo;aime pour tout \u00e7a.   <\/p>\n\n\n\n<p>Je vous laisse regarder (ou pas&#8230;) en grand \ud83d\ude09 en large \ud83d\ude09 c&rsquo;est toujours plus sympa, mais malheureusement que sur ordi&#8230; Je n\u2019ai pas encore trouv\u00e9 sur portable&#8230;<\/p>\n\n\n\n<p><a href=\"https:\/\/www.visionlarge.ch\/QVTR\/Romainmotier.html\" target=\"_blank\" rel=\"noreferrer noopener\">En cliquant sur ce lien, vous avez acc\u00e8s au plein \u00e9cran.<\/a><\/p>\n\n\n\n<iframe loading=\"lazy\" src=\"https:\/\/www.visionlarge.ch\/QVTR\/Romainmotier.html\" width=\"100%\" height=\"500\"><\/iframe>\n\n\n\n<p><strong>Et n\u2019oubliez pas, il peut \u00eatre tentant de prendre une image sur le net car c\u2019est facile, mais c\u2019est pas tr\u00e8s cool comme d\u00e9marche. Veuillez respecter mes images ainsi que le travail fourni pour les r\u00e9aliser, m\u00eame si l\u00e0 du coup\u2026 vous pouvez penser qu&rsquo;il n&rsquo;y a pas que des p\u00e9pites\u2026 Merci!<\/strong><\/p>\n\n\n\n<p><strong>Rappel:<\/strong>\u00a0Les images sont prot\u00e9g\u00e9es, elles ne sont pas libres de droits. Merci de respecter les droits d\u2019auteurs!\u00a0\u00ae All rights reserved<\/p>\n","protected":false},"excerpt":{"rendered":"<p>Voici ma premi\u00e8re VR. Prise avec un petit 300D et un 17-40 F4 L dans l&rsquo;abbatiale de Romainm\u00f4tier en Suisse. <\/p>\n<div class=\"more-link-wrapper\"><a class=\"more-link\" href=\"https:\/\/www.visionlarge.ch\/Blog\/labbatiale-de-romainmotier-en-360\/\">La suite? C&#039;est par l\u00e0!<span class=\"screen-reader-text\">L&rsquo;Abbatiale de Romainm\u00f4tier en 360<\/span><\/a><\/div>\n","protected":false},"author":1,"featured_media":8479,"comment_status":"open","ping_status":"open","sticky":false,"template":"","format":"standard","meta":{"footnotes":""},"categories":[3,4],"tags":[587,119,586,560,597,594,591,589,34,596,595,592,584,588,518,58,38,585,59,590],"class_list":["post-8474","post","type-post","status-publish","format-standard","has-post-thumbnail","hentry","category-histoire-dune-image","category-images-spheriques-2","tag-abbatiale-de-romainmotier","tag-canon","tag-canon-300d","tag-decouverte-de-la-suisse","tag-format-21","tag-logiciel-autopano","tag-montage-panoramique","tag-objectif-ultra-grand-angle","tag-panorama","tag-panorama-spherique","tag-photographie-panoramique","tag-photographie-panoramique-360","tag-raws","tag-recherches-en-photographie-panoramique","tag-romainmotier","tag-spherique","tag-suisse","tag-tete-panoramique","tag-vaud","tag-visite-virtuelle","excerpt","zoom","full-without-featured","even","excerpt-0"],"yoast_head":"<!-- This site is optimized with the Yoast SEO plugin v27.5 - https:\/\/yoast.com\/product\/yoast-seo-wordpress\/ -->\n<title>L&#039;Abbatiale de Romainm\u00f4tier en 360 &#8212; Visionlarge.ch<\/title>\n<meta name=\"description\" content=\"Visionlarge.ch . Ma premi\u00e8re image VR 360 r\u00e9alis\u00e9e dans la belle abbatiale de Romainm\u00f4tier en Suisse\" \/>\n<meta name=\"robots\" content=\"index, follow, max-snippet:-1, max-image-preview:large, max-video-preview:-1\" \/>\n<link rel=\"canonical\" href=\"https:\/\/www.visionlarge.ch\/Blog\/labbatiale-de-romainmotier-en-360\/\" \/>\n<meta property=\"og:locale\" content=\"fr_FR\" \/>\n<meta property=\"og:type\" content=\"article\" \/>\n<meta property=\"og:title\" content=\"L&#039;Abbatiale de Romainm\u00f4tier en 360 &#8212; Visionlarge.ch\" \/>\n<meta property=\"og:url\" content=\"https:\/\/www.visionlarge.ch\/Blog\/labbatiale-de-romainmotier-en-360\/\" \/>\n<meta property=\"og:site_name\" content=\"Visionlarge.ch\" \/>\n<meta property=\"article:published_time\" content=\"2023-08-29T17:12:31+00:00\" \/>\n<meta property=\"article:modified_time\" content=\"2026-01-18T10:03:45+00:00\" \/>\n<meta property=\"og:image\" content=\"https:\/\/www.visionlarge.ch\/Blog\/wp-content\/uploads\/RomainmotierSmall-scaled.jpg\" \/>\n\t<meta property=\"og:image:width\" content=\"2560\" \/>\n\t<meta property=\"og:image:height\" content=\"1167\" \/>\n\t<meta property=\"og:image:type\" content=\"image\/jpeg\" \/>\n<meta name=\"author\" content=\"Visionlarge\" \/>\n<meta name=\"twitter:card\" content=\"summary_large_image\" \/>\n<meta name=\"twitter:creator\" content=\"@visionlarge\" \/>\n<meta name=\"twitter:site\" content=\"@visionlarge\" \/>\n<meta name=\"twitter:label1\" content=\"\u00c9crit par\" \/>\n\t<meta name=\"twitter:data1\" content=\"Visionlarge\" \/>\n\t<meta name=\"twitter:label2\" content=\"Dur\u00e9e de lecture estim\u00e9e\" \/>\n\t<meta name=\"twitter:data2\" content=\"3 minutes\" \/>\n<script type=\"application\/ld+json\" class=\"yoast-schema-graph\">{\"@context\":\"https:\\\/\\\/schema.org\",\"@graph\":[{\"@type\":\"Article\",\"@id\":\"https:\\\/\\\/www.visionlarge.ch\\\/Blog\\\/labbatiale-de-romainmotier-en-360\\\/#article\",\"isPartOf\":{\"@id\":\"https:\\\/\\\/www.visionlarge.ch\\\/Blog\\\/labbatiale-de-romainmotier-en-360\\\/\"},\"author\":{\"name\":\"Visionlarge\",\"@id\":\"https:\\\/\\\/www.visionlarge.ch\\\/Blog\\\/#\\\/schema\\\/person\\\/b1280adcf8dd414efb101660dca80274\"},\"headline\":\"L&rsquo;Abbatiale de Romainm\u00f4tier en 360\",\"datePublished\":\"2023-08-29T17:12:31+00:00\",\"dateModified\":\"2026-01-18T10:03:45+00:00\",\"mainEntityOfPage\":{\"@id\":\"https:\\\/\\\/www.visionlarge.ch\\\/Blog\\\/labbatiale-de-romainmotier-en-360\\\/\"},\"wordCount\":575,\"commentCount\":0,\"publisher\":{\"@id\":\"https:\\\/\\\/www.visionlarge.ch\\\/Blog\\\/#\\\/schema\\\/person\\\/b1280adcf8dd414efb101660dca80274\"},\"image\":{\"@id\":\"https:\\\/\\\/www.visionlarge.ch\\\/Blog\\\/labbatiale-de-romainmotier-en-360\\\/#primaryimage\"},\"thumbnailUrl\":\"https:\\\/\\\/www.visionlarge.ch\\\/Blog\\\/wp-content\\\/uploads\\\/RomainmotierSmall-scaled.jpg\",\"keywords\":[\"Abbatiale de Romainm\u00f4tier\",\"canon\",\"Canon 300D\",\"D\u00e9couverte de la Suisse\",\"Format 2:1\",\"Logiciel Autopano\",\"Montage panoramique\",\"Objectif ultra grand-angle\",\"panorama\",\"Panorama sph\u00e9rique\",\"Photographie panoramique\",\"Photographie panoramique 360\",\"RAWs\",\"Recherches en photographie panoramique\",\"romainmotier\",\"spherique\",\"suisse\",\"T\u00eate panoramique\",\"vaud\",\"Visite virtuelle\"],\"articleSection\":[\"Histoire d'une image\",\"Images Sph\u00e9riques\"],\"inLanguage\":\"fr-FR\",\"potentialAction\":[{\"@type\":\"CommentAction\",\"name\":\"Comment\",\"target\":[\"https:\\\/\\\/www.visionlarge.ch\\\/Blog\\\/labbatiale-de-romainmotier-en-360\\\/#respond\"]}]},{\"@type\":\"WebPage\",\"@id\":\"https:\\\/\\\/www.visionlarge.ch\\\/Blog\\\/labbatiale-de-romainmotier-en-360\\\/\",\"url\":\"https:\\\/\\\/www.visionlarge.ch\\\/Blog\\\/labbatiale-de-romainmotier-en-360\\\/\",\"name\":\"L'Abbatiale de Romainm\u00f4tier en 360 &#8212; Visionlarge.ch\",\"isPartOf\":{\"@id\":\"https:\\\/\\\/www.visionlarge.ch\\\/Blog\\\/#website\"},\"primaryImageOfPage\":{\"@id\":\"https:\\\/\\\/www.visionlarge.ch\\\/Blog\\\/labbatiale-de-romainmotier-en-360\\\/#primaryimage\"},\"image\":{\"@id\":\"https:\\\/\\\/www.visionlarge.ch\\\/Blog\\\/labbatiale-de-romainmotier-en-360\\\/#primaryimage\"},\"thumbnailUrl\":\"https:\\\/\\\/www.visionlarge.ch\\\/Blog\\\/wp-content\\\/uploads\\\/RomainmotierSmall-scaled.jpg\",\"datePublished\":\"2023-08-29T17:12:31+00:00\",\"dateModified\":\"2026-01-18T10:03:45+00:00\",\"description\":\"Visionlarge.ch . Ma premi\u00e8re image VR 360 r\u00e9alis\u00e9e dans la belle abbatiale de Romainm\u00f4tier en Suisse\",\"breadcrumb\":{\"@id\":\"https:\\\/\\\/www.visionlarge.ch\\\/Blog\\\/labbatiale-de-romainmotier-en-360\\\/#breadcrumb\"},\"inLanguage\":\"fr-FR\",\"potentialAction\":[{\"@type\":\"ReadAction\",\"target\":[\"https:\\\/\\\/www.visionlarge.ch\\\/Blog\\\/labbatiale-de-romainmotier-en-360\\\/\"]}]},{\"@type\":\"ImageObject\",\"inLanguage\":\"fr-FR\",\"@id\":\"https:\\\/\\\/www.visionlarge.ch\\\/Blog\\\/labbatiale-de-romainmotier-en-360\\\/#primaryimage\",\"url\":\"https:\\\/\\\/www.visionlarge.ch\\\/Blog\\\/wp-content\\\/uploads\\\/RomainmotierSmall-scaled.jpg\",\"contentUrl\":\"https:\\\/\\\/www.visionlarge.ch\\\/Blog\\\/wp-content\\\/uploads\\\/RomainmotierSmall-scaled.jpg\",\"width\":2560,\"height\":1167,\"caption\":\"Canon EOS 300D et Canon EF 17-40 L USM\"},{\"@type\":\"BreadcrumbList\",\"@id\":\"https:\\\/\\\/www.visionlarge.ch\\\/Blog\\\/labbatiale-de-romainmotier-en-360\\\/#breadcrumb\",\"itemListElement\":[{\"@type\":\"ListItem\",\"position\":1,\"name\":\"Accueil\",\"item\":\"https:\\\/\\\/www.visionlarge.ch\\\/Blog\\\/\"},{\"@type\":\"ListItem\",\"position\":2,\"name\":\"L&rsquo;Abbatiale de Romainm\u00f4tier en 360\"}]},{\"@type\":\"WebSite\",\"@id\":\"https:\\\/\\\/www.visionlarge.ch\\\/Blog\\\/#website\",\"url\":\"https:\\\/\\\/www.visionlarge.ch\\\/Blog\\\/\",\"name\":\"Bovard Alain, mon blog photo\",\"description\":\"C&#039;est toujours plus beau en visionlarge...\",\"publisher\":{\"@id\":\"https:\\\/\\\/www.visionlarge.ch\\\/Blog\\\/#\\\/schema\\\/person\\\/b1280adcf8dd414efb101660dca80274\"},\"alternateName\":\"visionlarge\",\"potentialAction\":[{\"@type\":\"SearchAction\",\"target\":{\"@type\":\"EntryPoint\",\"urlTemplate\":\"https:\\\/\\\/www.visionlarge.ch\\\/Blog\\\/?s={search_term_string}\"},\"query-input\":{\"@type\":\"PropertyValueSpecification\",\"valueRequired\":true,\"valueName\":\"search_term_string\"}}],\"inLanguage\":\"fr-FR\"},{\"@type\":[\"Person\",\"Organization\"],\"@id\":\"https:\\\/\\\/www.visionlarge.ch\\\/Blog\\\/#\\\/schema\\\/person\\\/b1280adcf8dd414efb101660dca80274\",\"name\":\"Visionlarge\",\"image\":{\"@type\":\"ImageObject\",\"inLanguage\":\"fr-FR\",\"@id\":\"https:\\\/\\\/secure.gravatar.com\\\/avatar\\\/5a4cf7a2f94117044ce51a4d732d4e9e02f76cc87fa0508945a18215c8a0613b?s=96&d=mm&r=g\",\"url\":\"https:\\\/\\\/secure.gravatar.com\\\/avatar\\\/5a4cf7a2f94117044ce51a4d732d4e9e02f76cc87fa0508945a18215c8a0613b?s=96&d=mm&r=g\",\"contentUrl\":\"https:\\\/\\\/secure.gravatar.com\\\/avatar\\\/5a4cf7a2f94117044ce51a4d732d4e9e02f76cc87fa0508945a18215c8a0613b?s=96&d=mm&r=g\",\"caption\":\"Visionlarge\"},\"logo\":{\"@id\":\"https:\\\/\\\/secure.gravatar.com\\\/avatar\\\/5a4cf7a2f94117044ce51a4d732d4e9e02f76cc87fa0508945a18215c8a0613b?s=96&d=mm&r=g\"},\"sameAs\":[\"http:\\\/\\\/www.visionlarge.ch\\\/Blog\"],\"url\":\"https:\\\/\\\/www.visionlarge.ch\\\/Blog\\\/author\\\/abovard\\\/\"}]}<\/script>\n<!-- \/ Yoast SEO plugin. -->","yoast_head_json":{"title":"L'Abbatiale de Romainm\u00f4tier en 360 &#8212; Visionlarge.ch","description":"Visionlarge.ch . Ma premi\u00e8re image VR 360 r\u00e9alis\u00e9e dans la belle abbatiale de Romainm\u00f4tier en Suisse","robots":{"index":"index","follow":"follow","max-snippet":"max-snippet:-1","max-image-preview":"max-image-preview:large","max-video-preview":"max-video-preview:-1"},"canonical":"https:\/\/www.visionlarge.ch\/Blog\/labbatiale-de-romainmotier-en-360\/","og_locale":"fr_FR","og_type":"article","og_title":"L'Abbatiale de Romainm\u00f4tier en 360 &#8212; Visionlarge.ch","og_url":"https:\/\/www.visionlarge.ch\/Blog\/labbatiale-de-romainmotier-en-360\/","og_site_name":"Visionlarge.ch","article_published_time":"2023-08-29T17:12:31+00:00","article_modified_time":"2026-01-18T10:03:45+00:00","og_image":[{"width":2560,"height":1167,"url":"https:\/\/www.visionlarge.ch\/Blog\/wp-content\/uploads\/RomainmotierSmall-scaled.jpg","type":"image\/jpeg"}],"author":"Visionlarge","twitter_card":"summary_large_image","twitter_creator":"@visionlarge","twitter_site":"@visionlarge","twitter_misc":{"\u00c9crit par":"Visionlarge","Dur\u00e9e de lecture estim\u00e9e":"3 minutes"},"schema":{"@context":"https:\/\/schema.org","@graph":[{"@type":"Article","@id":"https:\/\/www.visionlarge.ch\/Blog\/labbatiale-de-romainmotier-en-360\/#article","isPartOf":{"@id":"https:\/\/www.visionlarge.ch\/Blog\/labbatiale-de-romainmotier-en-360\/"},"author":{"name":"Visionlarge","@id":"https:\/\/www.visionlarge.ch\/Blog\/#\/schema\/person\/b1280adcf8dd414efb101660dca80274"},"headline":"L&rsquo;Abbatiale de Romainm\u00f4tier en 360","datePublished":"2023-08-29T17:12:31+00:00","dateModified":"2026-01-18T10:03:45+00:00","mainEntityOfPage":{"@id":"https:\/\/www.visionlarge.ch\/Blog\/labbatiale-de-romainmotier-en-360\/"},"wordCount":575,"commentCount":0,"publisher":{"@id":"https:\/\/www.visionlarge.ch\/Blog\/#\/schema\/person\/b1280adcf8dd414efb101660dca80274"},"image":{"@id":"https:\/\/www.visionlarge.ch\/Blog\/labbatiale-de-romainmotier-en-360\/#primaryimage"},"thumbnailUrl":"https:\/\/www.visionlarge.ch\/Blog\/wp-content\/uploads\/RomainmotierSmall-scaled.jpg","keywords":["Abbatiale de Romainm\u00f4tier","canon","Canon 300D","D\u00e9couverte de la Suisse","Format 2:1","Logiciel Autopano","Montage panoramique","Objectif ultra grand-angle","panorama","Panorama sph\u00e9rique","Photographie panoramique","Photographie panoramique 360","RAWs","Recherches en photographie panoramique","romainmotier","spherique","suisse","T\u00eate panoramique","vaud","Visite virtuelle"],"articleSection":["Histoire d'une image","Images Sph\u00e9riques"],"inLanguage":"fr-FR","potentialAction":[{"@type":"CommentAction","name":"Comment","target":["https:\/\/www.visionlarge.ch\/Blog\/labbatiale-de-romainmotier-en-360\/#respond"]}]},{"@type":"WebPage","@id":"https:\/\/www.visionlarge.ch\/Blog\/labbatiale-de-romainmotier-en-360\/","url":"https:\/\/www.visionlarge.ch\/Blog\/labbatiale-de-romainmotier-en-360\/","name":"L'Abbatiale de Romainm\u00f4tier en 360 &#8212; Visionlarge.ch","isPartOf":{"@id":"https:\/\/www.visionlarge.ch\/Blog\/#website"},"primaryImageOfPage":{"@id":"https:\/\/www.visionlarge.ch\/Blog\/labbatiale-de-romainmotier-en-360\/#primaryimage"},"image":{"@id":"https:\/\/www.visionlarge.ch\/Blog\/labbatiale-de-romainmotier-en-360\/#primaryimage"},"thumbnailUrl":"https:\/\/www.visionlarge.ch\/Blog\/wp-content\/uploads\/RomainmotierSmall-scaled.jpg","datePublished":"2023-08-29T17:12:31+00:00","dateModified":"2026-01-18T10:03:45+00:00","description":"Visionlarge.ch . Ma premi\u00e8re image VR 360 r\u00e9alis\u00e9e dans la belle abbatiale de Romainm\u00f4tier en Suisse","breadcrumb":{"@id":"https:\/\/www.visionlarge.ch\/Blog\/labbatiale-de-romainmotier-en-360\/#breadcrumb"},"inLanguage":"fr-FR","potentialAction":[{"@type":"ReadAction","target":["https:\/\/www.visionlarge.ch\/Blog\/labbatiale-de-romainmotier-en-360\/"]}]},{"@type":"ImageObject","inLanguage":"fr-FR","@id":"https:\/\/www.visionlarge.ch\/Blog\/labbatiale-de-romainmotier-en-360\/#primaryimage","url":"https:\/\/www.visionlarge.ch\/Blog\/wp-content\/uploads\/RomainmotierSmall-scaled.jpg","contentUrl":"https:\/\/www.visionlarge.ch\/Blog\/wp-content\/uploads\/RomainmotierSmall-scaled.jpg","width":2560,"height":1167,"caption":"Canon EOS 300D et Canon EF 17-40 L USM"},{"@type":"BreadcrumbList","@id":"https:\/\/www.visionlarge.ch\/Blog\/labbatiale-de-romainmotier-en-360\/#breadcrumb","itemListElement":[{"@type":"ListItem","position":1,"name":"Accueil","item":"https:\/\/www.visionlarge.ch\/Blog\/"},{"@type":"ListItem","position":2,"name":"L&rsquo;Abbatiale de Romainm\u00f4tier en 360"}]},{"@type":"WebSite","@id":"https:\/\/www.visionlarge.ch\/Blog\/#website","url":"https:\/\/www.visionlarge.ch\/Blog\/","name":"Bovard Alain, mon blog photo","description":"C&#039;est toujours plus beau en visionlarge...","publisher":{"@id":"https:\/\/www.visionlarge.ch\/Blog\/#\/schema\/person\/b1280adcf8dd414efb101660dca80274"},"alternateName":"visionlarge","potentialAction":[{"@type":"SearchAction","target":{"@type":"EntryPoint","urlTemplate":"https:\/\/www.visionlarge.ch\/Blog\/?s={search_term_string}"},"query-input":{"@type":"PropertyValueSpecification","valueRequired":true,"valueName":"search_term_string"}}],"inLanguage":"fr-FR"},{"@type":["Person","Organization"],"@id":"https:\/\/www.visionlarge.ch\/Blog\/#\/schema\/person\/b1280adcf8dd414efb101660dca80274","name":"Visionlarge","image":{"@type":"ImageObject","inLanguage":"fr-FR","@id":"https:\/\/secure.gravatar.com\/avatar\/5a4cf7a2f94117044ce51a4d732d4e9e02f76cc87fa0508945a18215c8a0613b?s=96&d=mm&r=g","url":"https:\/\/secure.gravatar.com\/avatar\/5a4cf7a2f94117044ce51a4d732d4e9e02f76cc87fa0508945a18215c8a0613b?s=96&d=mm&r=g","contentUrl":"https:\/\/secure.gravatar.com\/avatar\/5a4cf7a2f94117044ce51a4d732d4e9e02f76cc87fa0508945a18215c8a0613b?s=96&d=mm&r=g","caption":"Visionlarge"},"logo":{"@id":"https:\/\/secure.gravatar.com\/avatar\/5a4cf7a2f94117044ce51a4d732d4e9e02f76cc87fa0508945a18215c8a0613b?s=96&d=mm&r=g"},"sameAs":["http:\/\/www.visionlarge.ch\/Blog"],"url":"https:\/\/www.visionlarge.ch\/Blog\/author\/abovard\/"}]}},"_links":{"self":[{"href":"https:\/\/www.visionlarge.ch\/Blog\/wp-json\/wp\/v2\/posts\/8474","targetHints":{"allow":["GET"]}}],"collection":[{"href":"https:\/\/www.visionlarge.ch\/Blog\/wp-json\/wp\/v2\/posts"}],"about":[{"href":"https:\/\/www.visionlarge.ch\/Blog\/wp-json\/wp\/v2\/types\/post"}],"author":[{"embeddable":true,"href":"https:\/\/www.visionlarge.ch\/Blog\/wp-json\/wp\/v2\/users\/1"}],"replies":[{"embeddable":true,"href":"https:\/\/www.visionlarge.ch\/Blog\/wp-json\/wp\/v2\/comments?post=8474"}],"version-history":[{"count":18,"href":"https:\/\/www.visionlarge.ch\/Blog\/wp-json\/wp\/v2\/posts\/8474\/revisions"}],"predecessor-version":[{"id":11462,"href":"https:\/\/www.visionlarge.ch\/Blog\/wp-json\/wp\/v2\/posts\/8474\/revisions\/11462"}],"wp:featuredmedia":[{"embeddable":true,"href":"https:\/\/www.visionlarge.ch\/Blog\/wp-json\/wp\/v2\/media\/8479"}],"wp:attachment":[{"href":"https:\/\/www.visionlarge.ch\/Blog\/wp-json\/wp\/v2\/media?parent=8474"}],"wp:term":[{"taxonomy":"category","embeddable":true,"href":"https:\/\/www.visionlarge.ch\/Blog\/wp-json\/wp\/v2\/categories?post=8474"},{"taxonomy":"post_tag","embeddable":true,"href":"https:\/\/www.visionlarge.ch\/Blog\/wp-json\/wp\/v2\/tags?post=8474"}],"curies":[{"name":"wp","href":"https:\/\/api.w.org\/{rel}","templated":true}]}}