{"id":7342,"date":"2021-12-18T17:33:44","date_gmt":"2021-12-18T16:33:44","guid":{"rendered":"https:\/\/www.visionlarge.ch\/Blog\/?p=7342"},"modified":"2026-01-18T11:06:51","modified_gmt":"2026-01-18T10:06:51","slug":"randonnee-dans-les-forets","status":"publish","type":"post","link":"https:\/\/www.visionlarge.ch\/Blog\/randonnee-dans-les-forets\/","title":{"rendered":"Randonn\u00e9e hivernale dans les for\u00eats du Jura"},"content":{"rendered":"\n<p class=\"has-text-align-center\">J&rsquo;aime l&rsquo;atmosph\u00e8re des for\u00eats. La brume, le silence, le myst\u00e8re.<\/p>\n\n\n\n\n\n\n\n<p class=\"has-text-align-center\">Les derni\u00e8res chutes de neige ont \u00e9t\u00e9 abondante sur le Jura et on recouvert de plusieurs dizaines de centim\u00e8tres la nature de son grand manteau blanc (Roo c&rsquo;est phrase c&rsquo;est clich\u00e9 \ud83d\ude42 )<\/p>\n\n\n\n<p class=\"has-text-align-center\">Une premi\u00e8re tentative de randonn\u00e9e au coeur de la for\u00eat le jour d&rsquo;avant m&rsquo;avait vite fait remarqu\u00e9 que les 50-60cm de neige lourde ne me laisserait pas tenter une entr\u00e9e dans la for\u00eat prise d&rsquo;assaut par une \u00e9paisse couche blanche. Mes pieds s&rsquo;enfon\u00e7ant trop profond\u00e9ment dans la neige rendant le p\u00e9riple beaucoup trop long et fatigant.<\/p>\n\n\n\n<p class=\"has-text-align-center\">Je suis donc revenu le lendemain mieux \u00e9quip\u00e9. Vive les raquettes!<\/p>\n\n\n\n<p class=\"has-text-align-center\">Apr\u00e8s quelques longues minutes d&rsquo;effort avec de la neige parfois jusqu&rsquo;au genoux, m\u00eame avec mes raquettes&#8230;, je suis arriv\u00e9 \u00e0 cet <a href=\"https:\/\/www.visionlarge.ch\/Blog\/foret-dans-la-brume\/\">endroit que j&rsquo;avais vu quelques semaines plus t\u00f4t<\/a>. 300m de d\u00e9nivel\u00e9 dans la neige fraiche et lourde dans la brume et le froid. J&rsquo;adore!<\/p>\n\n\n\n<p class=\"has-text-align-center\">Arriv\u00e9, l&rsquo;ambiance \u00e9tait magique, comme j&rsquo;aime. Pas un bruit autre que la nature. Juste la neige qui tombe des branches lourdes, le bruit des chevreuils au loin (qui passeront quelques minutes plus tard \u00e0 quelques dizaines de m\u00e8tres de moi). C&rsquo;est f\u00e9\u00e9rique.<\/p>\n\n\n<div class=\"wp-block-image\">\n<figure data-wp-context=\"{&quot;imageId&quot;:&quot;69f7799676e55&quot;}\" data-wp-interactive=\"core\/image\" data-wp-key=\"69f7799676e55\" class=\"aligncenter size-large wp-lightbox-container\"><img loading=\"lazy\" decoding=\"async\" width=\"2000\" height=\"1370\" data-wp-class--hide=\"state.isContentHidden\" data-wp-class--show=\"state.isContentVisible\" data-wp-init=\"callbacks.setButtonStyles\" data-wp-on--click=\"actions.showLightbox\" data-wp-on--load=\"callbacks.setButtonStyles\" data-wp-on-window--resize=\"callbacks.setButtonStyles\" src=\"http:\/\/www.visionlarge.ch\/Blog\/wp-content\/uploads\/ArbresDansLaBrume12-copie-2000x1370.jpg\" alt=\"For\u00eat hivernale, M50, 11-22 Efm\" class=\"wp-image-7340\" srcset=\"https:\/\/www.visionlarge.ch\/Blog\/wp-content\/uploads\/ArbresDansLaBrume12-copie-2000x1370.jpg 2000w, https:\/\/www.visionlarge.ch\/Blog\/wp-content\/uploads\/ArbresDansLaBrume12-copie-300x205.jpg 300w, https:\/\/www.visionlarge.ch\/Blog\/wp-content\/uploads\/ArbresDansLaBrume12-copie-150x103.jpg 150w, https:\/\/www.visionlarge.ch\/Blog\/wp-content\/uploads\/ArbresDansLaBrume12-copie-768x526.jpg 768w, https:\/\/www.visionlarge.ch\/Blog\/wp-content\/uploads\/ArbresDansLaBrume12-copie-1536x1052.jpg 1536w, https:\/\/www.visionlarge.ch\/Blog\/wp-content\/uploads\/ArbresDansLaBrume12-copie-2048x1403.jpg 2048w\" sizes=\"auto, (max-width: 2000px) 100vw, 2000px\" \/><button\n\t\t\tclass=\"lightbox-trigger\"\n\t\t\ttype=\"button\"\n\t\t\taria-haspopup=\"dialog\"\n\t\t\taria-label=\"Agrandir\"\n\t\t\tdata-wp-init=\"callbacks.initTriggerButton\"\n\t\t\tdata-wp-on--click=\"actions.showLightbox\"\n\t\t\tdata-wp-style--right=\"state.imageButtonRight\"\n\t\t\tdata-wp-style--top=\"state.imageButtonTop\"\n\t\t>\n\t\t\t<svg xmlns=\"http:\/\/www.w3.org\/2000\/svg\" width=\"12\" height=\"12\" fill=\"none\" viewBox=\"0 0 12 12\">\n\t\t\t\t<path fill=\"#fff\" d=\"M2 0a2 2 0 0 0-2 2v2h1.5V2a.5.5 0 0 1 .5-.5h2V0H2Zm2 10.5H2a.5.5 0 0 1-.5-.5V8H0v2a2 2 0 0 0 2 2h2v-1.5ZM8 12v-1.5h2a.5.5 0 0 0 .5-.5V8H12v2a2 2 0 0 1-2 2H8Zm2-12a2 2 0 0 1 2 2v2h-1.5V2a.5.5 0 0 0-.5-.5H8V0h2Z\" \/>\n\t\t\t<\/svg>\n\t\t<\/button><figcaption class=\"wp-element-caption\">For\u00eat hivernale, M50, 11-22 Efm<\/figcaption><\/figure>\n<\/div>\n\n\n<p class=\"has-text-align-center\">Il est temps de faire quelques images et de remonter\u2026 il est presque 16h, la nuit va rapidement tomber et l&rsquo;endroit deviendra vite dangereux pour mes chevilles et anxiog\u00e8ne. <\/p>\n\n\n\n<p class=\"has-text-align-center\">J&rsquo;arrive juste \u00e0 la tomb\u00e9e de la nuit \u00e0 la lisi\u00e8re de la for\u00eat..ouf\u2026 c&rsquo;\u00e9tait limite flippant ses derniers m\u00e8tres :-). Autant cette for\u00eat est magique, que la nuit&#8230; Elle en devient un vrai film d&rsquo;\u00e9pouvante avec ses bruits, ses craquements&#8230;<\/p>\n\n\n\n<p class=\"has-text-align-center\">Faut que j&rsquo;y revienne pourtant une fois la nuit&#8230; Mais \u00e0 deux&#8230;. Eux \u00e0 trois&#8230;4.5.6.7.8.9&#8230;.. \ud83d\ude42<\/p>\n\n\n\n<p class=\"has-text-align-center\"><strong>Et n\u2019oubliez pas, il peut \u00eatre tentant de prendre une image sur le net car c\u2019est facile, mais c\u2019est pas tr\u00e8s cool comme d\u00e9marche. Veuillez respecter mes images ainsi que le travail fourni pour les r\u00e9aliser. Merci!<\/strong><\/p>\n\n\n\n<p class=\"has-text-align-center\"><strong>Rappel:<\/strong>\u00a0Les images sont prot\u00e9g\u00e9es, elles ne sont pas libres de droits. Merci de respecter les droits d\u2019auteurs!\u00a0\u00ae All rights reserved<\/p>\n","protected":false},"excerpt":{"rendered":"<p>J&rsquo;aime l&rsquo;atmosph\u00e8re des for\u00eats. La brume, le silence, le myst\u00e8re. Les derni\u00e8res chutes de neige ont \u00e9t\u00e9 abondante sur le Jura et on recouvert de plusieurs dizaines de centim\u00e8tres la nature de son grand manteau blanc (Roo c&rsquo;est phrase c&rsquo;est clich\u00e9 \ud83d\ude42 ) Une premi\u00e8re tentative de randonn\u00e9e au coeur&#8230;<\/p>\n<div class=\"more-link-wrapper\"><a class=\"more-link\" href=\"https:\/\/www.visionlarge.ch\/Blog\/randonnee-dans-les-forets\/\">La suite? C&#039;est par l\u00e0!<span class=\"screen-reader-text\">Randonn\u00e9e hivernale dans les for\u00eats du Jura<\/span><\/a><\/div>\n","protected":false},"author":1,"featured_media":7340,"comment_status":"open","ping_status":"open","sticky":false,"template":"","format":"standard","meta":{"footnotes":""},"categories":[3],"tags":[754,609,539,544,560,527,99,752,753,473,38,751,59],"class_list":["post-7342","post","type-post","status-publish","format-standard","has-post-thumbnail","hentry","category-histoire-dune-image","tag-au-coeur-de-la-foret","tag-canon-11-22","tag-canon-eos-m50","tag-decouverte-de-la-nature","tag-decouverte-de-la-suisse","tag-foret-2","tag-foret","tag-foret-de-givre","tag-foret-sous-la-neige","tag-hiver","tag-suisse","tag-suisse-romande","tag-vaud","excerpt","zoom","full-without-featured","even","excerpt-0"],"yoast_head":"<!-- This site is optimized with the Yoast SEO plugin v27.5 - https:\/\/yoast.com\/product\/yoast-seo-wordpress\/ -->\n<title>Randonn\u00e9e hivernale dans les for\u00eats du Jura &#8212; , Alain Bovard<\/title>\n<meta name=\"description\" content=\"Visionlarge.ch ,l&#039;ambiance \u00e9tait magique dans les for\u00eats. Pas un bruit autre que la nature. Juste la neige qui tombe des arbres\" \/>\n<meta name=\"robots\" content=\"index, follow, max-snippet:-1, max-image-preview:large, max-video-preview:-1\" \/>\n<link rel=\"canonical\" href=\"https:\/\/www.visionlarge.ch\/Blog\/randonnee-dans-les-forets\/\" \/>\n<meta property=\"og:locale\" content=\"fr_FR\" \/>\n<meta property=\"og:type\" content=\"article\" \/>\n<meta property=\"og:title\" content=\"Randonn\u00e9e hivernale dans les for\u00eats du Jura &#8212; , Alain Bovard\" \/>\n<meta property=\"og:url\" content=\"https:\/\/www.visionlarge.ch\/Blog\/randonnee-dans-les-forets\/\" \/>\n<meta property=\"og:site_name\" content=\"Visionlarge.ch\" \/>\n<meta property=\"article:published_time\" content=\"2021-12-18T16:33:44+00:00\" \/>\n<meta property=\"article:modified_time\" content=\"2026-01-18T10:06:51+00:00\" \/>\n<meta property=\"og:image\" content=\"https:\/\/www.visionlarge.ch\/Blog\/wp-content\/uploads\/ArbresDansLaBrume12-copie-scaled.jpg\" \/>\n\t<meta property=\"og:image:width\" content=\"2560\" \/>\n\t<meta property=\"og:image:height\" content=\"1753\" \/>\n\t<meta property=\"og:image:type\" content=\"image\/jpeg\" \/>\n<meta name=\"author\" content=\"Visionlarge\" \/>\n<meta name=\"twitter:card\" content=\"summary_large_image\" \/>\n<meta name=\"twitter:creator\" content=\"@visionlarge\" \/>\n<meta name=\"twitter:site\" content=\"@visionlarge\" \/>\n<meta name=\"twitter:label1\" content=\"\u00c9crit par\" \/>\n\t<meta name=\"twitter:data1\" content=\"Visionlarge\" \/>\n\t<meta name=\"twitter:label2\" content=\"Dur\u00e9e de lecture estim\u00e9e\" \/>\n\t<meta name=\"twitter:data2\" content=\"3 minutes\" \/>\n<script type=\"application\/ld+json\" class=\"yoast-schema-graph\">{\"@context\":\"https:\\\/\\\/schema.org\",\"@graph\":[{\"@type\":[\"Article\",\"BlogPosting\"],\"@id\":\"https:\\\/\\\/www.visionlarge.ch\\\/Blog\\\/randonnee-dans-les-forets\\\/#article\",\"isPartOf\":{\"@id\":\"https:\\\/\\\/www.visionlarge.ch\\\/Blog\\\/randonnee-dans-les-forets\\\/\"},\"author\":{\"name\":\"Visionlarge\",\"@id\":\"https:\\\/\\\/www.visionlarge.ch\\\/Blog\\\/#\\\/schema\\\/person\\\/b1280adcf8dd414efb101660dca80274\"},\"headline\":\"Randonn\u00e9e hivernale dans les for\u00eats du Jura\",\"datePublished\":\"2021-12-18T16:33:44+00:00\",\"dateModified\":\"2026-01-18T10:06:51+00:00\",\"mainEntityOfPage\":{\"@id\":\"https:\\\/\\\/www.visionlarge.ch\\\/Blog\\\/randonnee-dans-les-forets\\\/\"},\"wordCount\":406,\"commentCount\":0,\"publisher\":{\"@id\":\"https:\\\/\\\/www.visionlarge.ch\\\/Blog\\\/#\\\/schema\\\/person\\\/b1280adcf8dd414efb101660dca80274\"},\"image\":{\"@id\":\"https:\\\/\\\/www.visionlarge.ch\\\/Blog\\\/randonnee-dans-les-forets\\\/#primaryimage\"},\"thumbnailUrl\":\"https:\\\/\\\/www.visionlarge.ch\\\/Blog\\\/wp-content\\\/uploads\\\/ArbresDansLaBrume12-copie-scaled.jpg\",\"keywords\":[\"au coeur de la for\u00eat\",\"canon 11-22\",\"Canon EOS M50\",\"D\u00e9couverte de la nature\",\"D\u00e9couverte de la Suisse\",\"for\u00eat\",\"foret\",\"for\u00eat de givre\",\"for\u00eat sous la neige\",\"hiver\",\"suisse\",\"suisse romande\",\"vaud\"],\"articleSection\":[\"Histoire d'une image\"],\"inLanguage\":\"fr-FR\",\"potentialAction\":[{\"@type\":\"CommentAction\",\"name\":\"Comment\",\"target\":[\"https:\\\/\\\/www.visionlarge.ch\\\/Blog\\\/randonnee-dans-les-forets\\\/#respond\"]}]},{\"@type\":\"WebPage\",\"@id\":\"https:\\\/\\\/www.visionlarge.ch\\\/Blog\\\/randonnee-dans-les-forets\\\/\",\"url\":\"https:\\\/\\\/www.visionlarge.ch\\\/Blog\\\/randonnee-dans-les-forets\\\/\",\"name\":\"Randonn\u00e9e hivernale dans les for\u00eats du Jura &#8212; , Alain Bovard\",\"isPartOf\":{\"@id\":\"https:\\\/\\\/www.visionlarge.ch\\\/Blog\\\/#website\"},\"primaryImageOfPage\":{\"@id\":\"https:\\\/\\\/www.visionlarge.ch\\\/Blog\\\/randonnee-dans-les-forets\\\/#primaryimage\"},\"image\":{\"@id\":\"https:\\\/\\\/www.visionlarge.ch\\\/Blog\\\/randonnee-dans-les-forets\\\/#primaryimage\"},\"thumbnailUrl\":\"https:\\\/\\\/www.visionlarge.ch\\\/Blog\\\/wp-content\\\/uploads\\\/ArbresDansLaBrume12-copie-scaled.jpg\",\"datePublished\":\"2021-12-18T16:33:44+00:00\",\"dateModified\":\"2026-01-18T10:06:51+00:00\",\"description\":\"Visionlarge.ch ,l'ambiance \u00e9tait magique dans les for\u00eats. Pas un bruit autre que la nature. Juste la neige qui tombe des arbres\",\"breadcrumb\":{\"@id\":\"https:\\\/\\\/www.visionlarge.ch\\\/Blog\\\/randonnee-dans-les-forets\\\/#breadcrumb\"},\"inLanguage\":\"fr-FR\",\"potentialAction\":[{\"@type\":\"ReadAction\",\"target\":[\"https:\\\/\\\/www.visionlarge.ch\\\/Blog\\\/randonnee-dans-les-forets\\\/\"]}]},{\"@type\":\"ImageObject\",\"inLanguage\":\"fr-FR\",\"@id\":\"https:\\\/\\\/www.visionlarge.ch\\\/Blog\\\/randonnee-dans-les-forets\\\/#primaryimage\",\"url\":\"https:\\\/\\\/www.visionlarge.ch\\\/Blog\\\/wp-content\\\/uploads\\\/ArbresDansLaBrume12-copie-scaled.jpg\",\"contentUrl\":\"https:\\\/\\\/www.visionlarge.ch\\\/Blog\\\/wp-content\\\/uploads\\\/ArbresDansLaBrume12-copie-scaled.jpg\",\"width\":2560,\"height\":1753,\"caption\":\"Canon EOS M50 et Canon 11-22 EFM\"},{\"@type\":\"BreadcrumbList\",\"@id\":\"https:\\\/\\\/www.visionlarge.ch\\\/Blog\\\/randonnee-dans-les-forets\\\/#breadcrumb\",\"itemListElement\":[{\"@type\":\"ListItem\",\"position\":1,\"name\":\"Accueil\",\"item\":\"https:\\\/\\\/www.visionlarge.ch\\\/Blog\\\/\"},{\"@type\":\"ListItem\",\"position\":2,\"name\":\"Randonn\u00e9e hivernale dans les for\u00eats du Jura\"}]},{\"@type\":\"WebSite\",\"@id\":\"https:\\\/\\\/www.visionlarge.ch\\\/Blog\\\/#website\",\"url\":\"https:\\\/\\\/www.visionlarge.ch\\\/Blog\\\/\",\"name\":\"Bovard Alain, mon blog photo\",\"description\":\"C&#039;est toujours plus beau en visionlarge...\",\"publisher\":{\"@id\":\"https:\\\/\\\/www.visionlarge.ch\\\/Blog\\\/#\\\/schema\\\/person\\\/b1280adcf8dd414efb101660dca80274\"},\"alternateName\":\"visionlarge\",\"potentialAction\":[{\"@type\":\"SearchAction\",\"target\":{\"@type\":\"EntryPoint\",\"urlTemplate\":\"https:\\\/\\\/www.visionlarge.ch\\\/Blog\\\/?s={search_term_string}\"},\"query-input\":{\"@type\":\"PropertyValueSpecification\",\"valueRequired\":true,\"valueName\":\"search_term_string\"}}],\"inLanguage\":\"fr-FR\"},{\"@type\":[\"Person\",\"Organization\"],\"@id\":\"https:\\\/\\\/www.visionlarge.ch\\\/Blog\\\/#\\\/schema\\\/person\\\/b1280adcf8dd414efb101660dca80274\",\"name\":\"Visionlarge\",\"image\":{\"@type\":\"ImageObject\",\"inLanguage\":\"fr-FR\",\"@id\":\"https:\\\/\\\/secure.gravatar.com\\\/avatar\\\/5a4cf7a2f94117044ce51a4d732d4e9e02f76cc87fa0508945a18215c8a0613b?s=96&d=mm&r=g\",\"url\":\"https:\\\/\\\/secure.gravatar.com\\\/avatar\\\/5a4cf7a2f94117044ce51a4d732d4e9e02f76cc87fa0508945a18215c8a0613b?s=96&d=mm&r=g\",\"contentUrl\":\"https:\\\/\\\/secure.gravatar.com\\\/avatar\\\/5a4cf7a2f94117044ce51a4d732d4e9e02f76cc87fa0508945a18215c8a0613b?s=96&d=mm&r=g\",\"caption\":\"Visionlarge\"},\"logo\":{\"@id\":\"https:\\\/\\\/secure.gravatar.com\\\/avatar\\\/5a4cf7a2f94117044ce51a4d732d4e9e02f76cc87fa0508945a18215c8a0613b?s=96&d=mm&r=g\"},\"sameAs\":[\"http:\\\/\\\/www.visionlarge.ch\\\/Blog\"],\"url\":\"https:\\\/\\\/www.visionlarge.ch\\\/Blog\\\/author\\\/abovard\\\/\"}]}<\/script>\n<!-- \/ Yoast SEO plugin. -->","yoast_head_json":{"title":"Randonn\u00e9e hivernale dans les for\u00eats du Jura &#8212; , Alain Bovard","description":"Visionlarge.ch ,l'ambiance \u00e9tait magique dans les for\u00eats. Pas un bruit autre que la nature. Juste la neige qui tombe des arbres","robots":{"index":"index","follow":"follow","max-snippet":"max-snippet:-1","max-image-preview":"max-image-preview:large","max-video-preview":"max-video-preview:-1"},"canonical":"https:\/\/www.visionlarge.ch\/Blog\/randonnee-dans-les-forets\/","og_locale":"fr_FR","og_type":"article","og_title":"Randonn\u00e9e hivernale dans les for\u00eats du Jura &#8212; , Alain Bovard","og_url":"https:\/\/www.visionlarge.ch\/Blog\/randonnee-dans-les-forets\/","og_site_name":"Visionlarge.ch","article_published_time":"2021-12-18T16:33:44+00:00","article_modified_time":"2026-01-18T10:06:51+00:00","og_image":[{"width":2560,"height":1753,"url":"https:\/\/www.visionlarge.ch\/Blog\/wp-content\/uploads\/ArbresDansLaBrume12-copie-scaled.jpg","type":"image\/jpeg"}],"author":"Visionlarge","twitter_card":"summary_large_image","twitter_creator":"@visionlarge","twitter_site":"@visionlarge","twitter_misc":{"\u00c9crit par":"Visionlarge","Dur\u00e9e de lecture estim\u00e9e":"3 minutes"},"schema":{"@context":"https:\/\/schema.org","@graph":[{"@type":["Article","BlogPosting"],"@id":"https:\/\/www.visionlarge.ch\/Blog\/randonnee-dans-les-forets\/#article","isPartOf":{"@id":"https:\/\/www.visionlarge.ch\/Blog\/randonnee-dans-les-forets\/"},"author":{"name":"Visionlarge","@id":"https:\/\/www.visionlarge.ch\/Blog\/#\/schema\/person\/b1280adcf8dd414efb101660dca80274"},"headline":"Randonn\u00e9e hivernale dans les for\u00eats du Jura","datePublished":"2021-12-18T16:33:44+00:00","dateModified":"2026-01-18T10:06:51+00:00","mainEntityOfPage":{"@id":"https:\/\/www.visionlarge.ch\/Blog\/randonnee-dans-les-forets\/"},"wordCount":406,"commentCount":0,"publisher":{"@id":"https:\/\/www.visionlarge.ch\/Blog\/#\/schema\/person\/b1280adcf8dd414efb101660dca80274"},"image":{"@id":"https:\/\/www.visionlarge.ch\/Blog\/randonnee-dans-les-forets\/#primaryimage"},"thumbnailUrl":"https:\/\/www.visionlarge.ch\/Blog\/wp-content\/uploads\/ArbresDansLaBrume12-copie-scaled.jpg","keywords":["au coeur de la for\u00eat","canon 11-22","Canon EOS M50","D\u00e9couverte de la nature","D\u00e9couverte de la Suisse","for\u00eat","foret","for\u00eat de givre","for\u00eat sous la neige","hiver","suisse","suisse romande","vaud"],"articleSection":["Histoire d'une image"],"inLanguage":"fr-FR","potentialAction":[{"@type":"CommentAction","name":"Comment","target":["https:\/\/www.visionlarge.ch\/Blog\/randonnee-dans-les-forets\/#respond"]}]},{"@type":"WebPage","@id":"https:\/\/www.visionlarge.ch\/Blog\/randonnee-dans-les-forets\/","url":"https:\/\/www.visionlarge.ch\/Blog\/randonnee-dans-les-forets\/","name":"Randonn\u00e9e hivernale dans les for\u00eats du Jura &#8212; , Alain Bovard","isPartOf":{"@id":"https:\/\/www.visionlarge.ch\/Blog\/#website"},"primaryImageOfPage":{"@id":"https:\/\/www.visionlarge.ch\/Blog\/randonnee-dans-les-forets\/#primaryimage"},"image":{"@id":"https:\/\/www.visionlarge.ch\/Blog\/randonnee-dans-les-forets\/#primaryimage"},"thumbnailUrl":"https:\/\/www.visionlarge.ch\/Blog\/wp-content\/uploads\/ArbresDansLaBrume12-copie-scaled.jpg","datePublished":"2021-12-18T16:33:44+00:00","dateModified":"2026-01-18T10:06:51+00:00","description":"Visionlarge.ch ,l'ambiance \u00e9tait magique dans les for\u00eats. Pas un bruit autre que la nature. Juste la neige qui tombe des arbres","breadcrumb":{"@id":"https:\/\/www.visionlarge.ch\/Blog\/randonnee-dans-les-forets\/#breadcrumb"},"inLanguage":"fr-FR","potentialAction":[{"@type":"ReadAction","target":["https:\/\/www.visionlarge.ch\/Blog\/randonnee-dans-les-forets\/"]}]},{"@type":"ImageObject","inLanguage":"fr-FR","@id":"https:\/\/www.visionlarge.ch\/Blog\/randonnee-dans-les-forets\/#primaryimage","url":"https:\/\/www.visionlarge.ch\/Blog\/wp-content\/uploads\/ArbresDansLaBrume12-copie-scaled.jpg","contentUrl":"https:\/\/www.visionlarge.ch\/Blog\/wp-content\/uploads\/ArbresDansLaBrume12-copie-scaled.jpg","width":2560,"height":1753,"caption":"Canon EOS M50 et Canon 11-22 EFM"},{"@type":"BreadcrumbList","@id":"https:\/\/www.visionlarge.ch\/Blog\/randonnee-dans-les-forets\/#breadcrumb","itemListElement":[{"@type":"ListItem","position":1,"name":"Accueil","item":"https:\/\/www.visionlarge.ch\/Blog\/"},{"@type":"ListItem","position":2,"name":"Randonn\u00e9e hivernale dans les for\u00eats du Jura"}]},{"@type":"WebSite","@id":"https:\/\/www.visionlarge.ch\/Blog\/#website","url":"https:\/\/www.visionlarge.ch\/Blog\/","name":"Bovard Alain, mon blog photo","description":"C&#039;est toujours plus beau en visionlarge...","publisher":{"@id":"https:\/\/www.visionlarge.ch\/Blog\/#\/schema\/person\/b1280adcf8dd414efb101660dca80274"},"alternateName":"visionlarge","potentialAction":[{"@type":"SearchAction","target":{"@type":"EntryPoint","urlTemplate":"https:\/\/www.visionlarge.ch\/Blog\/?s={search_term_string}"},"query-input":{"@type":"PropertyValueSpecification","valueRequired":true,"valueName":"search_term_string"}}],"inLanguage":"fr-FR"},{"@type":["Person","Organization"],"@id":"https:\/\/www.visionlarge.ch\/Blog\/#\/schema\/person\/b1280adcf8dd414efb101660dca80274","name":"Visionlarge","image":{"@type":"ImageObject","inLanguage":"fr-FR","@id":"https:\/\/secure.gravatar.com\/avatar\/5a4cf7a2f94117044ce51a4d732d4e9e02f76cc87fa0508945a18215c8a0613b?s=96&d=mm&r=g","url":"https:\/\/secure.gravatar.com\/avatar\/5a4cf7a2f94117044ce51a4d732d4e9e02f76cc87fa0508945a18215c8a0613b?s=96&d=mm&r=g","contentUrl":"https:\/\/secure.gravatar.com\/avatar\/5a4cf7a2f94117044ce51a4d732d4e9e02f76cc87fa0508945a18215c8a0613b?s=96&d=mm&r=g","caption":"Visionlarge"},"logo":{"@id":"https:\/\/secure.gravatar.com\/avatar\/5a4cf7a2f94117044ce51a4d732d4e9e02f76cc87fa0508945a18215c8a0613b?s=96&d=mm&r=g"},"sameAs":["http:\/\/www.visionlarge.ch\/Blog"],"url":"https:\/\/www.visionlarge.ch\/Blog\/author\/abovard\/"}]}},"_links":{"self":[{"href":"https:\/\/www.visionlarge.ch\/Blog\/wp-json\/wp\/v2\/posts\/7342","targetHints":{"allow":["GET"]}}],"collection":[{"href":"https:\/\/www.visionlarge.ch\/Blog\/wp-json\/wp\/v2\/posts"}],"about":[{"href":"https:\/\/www.visionlarge.ch\/Blog\/wp-json\/wp\/v2\/types\/post"}],"author":[{"embeddable":true,"href":"https:\/\/www.visionlarge.ch\/Blog\/wp-json\/wp\/v2\/users\/1"}],"replies":[{"embeddable":true,"href":"https:\/\/www.visionlarge.ch\/Blog\/wp-json\/wp\/v2\/comments?post=7342"}],"version-history":[{"count":11,"href":"https:\/\/www.visionlarge.ch\/Blog\/wp-json\/wp\/v2\/posts\/7342\/revisions"}],"predecessor-version":[{"id":11470,"href":"https:\/\/www.visionlarge.ch\/Blog\/wp-json\/wp\/v2\/posts\/7342\/revisions\/11470"}],"wp:featuredmedia":[{"embeddable":true,"href":"https:\/\/www.visionlarge.ch\/Blog\/wp-json\/wp\/v2\/media\/7340"}],"wp:attachment":[{"href":"https:\/\/www.visionlarge.ch\/Blog\/wp-json\/wp\/v2\/media?parent=7342"}],"wp:term":[{"taxonomy":"category","embeddable":true,"href":"https:\/\/www.visionlarge.ch\/Blog\/wp-json\/wp\/v2\/categories?post=7342"},{"taxonomy":"post_tag","embeddable":true,"href":"https:\/\/www.visionlarge.ch\/Blog\/wp-json\/wp\/v2\/tags?post=7342"}],"curies":[{"name":"wp","href":"https:\/\/api.w.org\/{rel}","templated":true}]}}