{"id":4492,"date":"2019-06-21T19:47:29","date_gmt":"2019-06-21T18:47:29","guid":{"rendered":"http:\/\/www.visionlarge.ch\/Blog\/?p=4492"},"modified":"2026-03-29T21:08:08","modified_gmt":"2026-03-29T20:08:08","slug":"le-canon-m50","status":"publish","type":"post","link":"https:\/\/www.visionlarge.ch\/Blog\/le-canon-m50\/","title":{"rendered":"LE CANON M50."},"content":{"rendered":"<div class=\"wp-block-image\">\n<figure class=\"aligncenter\"><img loading=\"lazy\" decoding=\"async\" width=\"300\" height=\"189\" src=\"https:\/\/www.visionlarge.ch\/Blog\/wp-content\/uploads\/01-300x189.jpeg\" alt=\"Le Canon M50\" class=\"wp-image-4620\" srcset=\"https:\/\/www.visionlarge.ch\/Blog\/wp-content\/uploads\/01-300x189.jpeg 300w, https:\/\/www.visionlarge.ch\/Blog\/wp-content\/uploads\/01-600x379.jpeg 600w, https:\/\/www.visionlarge.ch\/Blog\/wp-content\/uploads\/01-150x95.jpeg 150w, https:\/\/www.visionlarge.ch\/Blog\/wp-content\/uploads\/01-768x485.jpeg 768w, https:\/\/www.visionlarge.ch\/Blog\/wp-content\/uploads\/01.jpeg 800w\" sizes=\"auto, (max-width: 300px) 100vw, 300px\" \/><figcaption class=\"wp-element-caption\">Le Canon M50 et son petit 15-45<\/figcaption><\/figure>\n<\/div>\n\n\n<p>Cela faisait un moment que je cherchais un petit appareil qui me permettrais d&rsquo;\u00eatre plus l\u00e9ger sans avoir trop de compromis sur la qualit\u00e9.<\/p>\n\n\n\n\n\n\n\n<p>Je suis pass\u00e9 par la marque Fujifilm et son X100T, mais le capteur de 16Mpx, le 23mm unique et la colorim\u00e9trie ne m&rsquo;ont pas vraiment plus.<\/p>\n\n\n\n<p>Lorsque que le M5 \u00e9tait sorti, j&rsquo;ai trouv\u00e9 ses caract\u00e9ristiques sympa. Mais le prix un peu haut et le mauvais retour des usagers sur les optiques m&rsquo;avait un peu refroidi. J&rsquo;ai donc attendu en me disant que dans les mois \u00e0 venir, il finirait bien par baisser et les optiques finiraient bien par \u00e9voluer.<\/p>\n\n\n<div class=\"wp-block-image\">\n<figure data-wp-context=\"{&quot;imageId&quot;:&quot;69f764bf6f305&quot;}\" data-wp-interactive=\"core\/image\" data-wp-key=\"69f764bf6f305\" class=\"aligncenter size-large wp-lightbox-container\"><img loading=\"lazy\" decoding=\"async\" width=\"2000\" height=\"1370\" data-wp-class--hide=\"state.isContentHidden\" data-wp-class--show=\"state.isContentVisible\" data-wp-init=\"callbacks.setButtonStyles\" data-wp-on--click=\"actions.showLightbox\" data-wp-on--load=\"callbacks.setButtonStyles\" data-wp-on-window--resize=\"callbacks.setButtonStyles\" src=\"https:\/\/www.visionlarge.ch\/Blog\/wp-content\/uploads\/Seville-rue-2000x1370.jpg\" alt=\"Dans les ruelles de la vieille ville de S\u00e9ville en Espagne\" class=\"wp-image-7909\" srcset=\"https:\/\/www.visionlarge.ch\/Blog\/wp-content\/uploads\/Seville-rue-2000x1370.jpg 2000w, https:\/\/www.visionlarge.ch\/Blog\/wp-content\/uploads\/Seville-rue-300x205.jpg 300w, https:\/\/www.visionlarge.ch\/Blog\/wp-content\/uploads\/Seville-rue-150x103.jpg 150w, https:\/\/www.visionlarge.ch\/Blog\/wp-content\/uploads\/Seville-rue-768x526.jpg 768w, https:\/\/www.visionlarge.ch\/Blog\/wp-content\/uploads\/Seville-rue-1536x1052.jpg 1536w, https:\/\/www.visionlarge.ch\/Blog\/wp-content\/uploads\/Seville-rue-2048x1403.jpg 2048w\" sizes=\"auto, (max-width: 2000px) 100vw, 2000px\" \/><button\n\t\t\tclass=\"lightbox-trigger\"\n\t\t\ttype=\"button\"\n\t\t\taria-haspopup=\"dialog\"\n\t\t\taria-label=\"Agrandir\"\n\t\t\tdata-wp-init=\"callbacks.initTriggerButton\"\n\t\t\tdata-wp-on--click=\"actions.showLightbox\"\n\t\t\tdata-wp-style--right=\"state.imageButtonRight\"\n\t\t\tdata-wp-style--top=\"state.imageButtonTop\"\n\t\t>\n\t\t\t<svg xmlns=\"http:\/\/www.w3.org\/2000\/svg\" width=\"12\" height=\"12\" fill=\"none\" viewBox=\"0 0 12 12\">\n\t\t\t\t<path fill=\"#fff\" d=\"M2 0a2 2 0 0 0-2 2v2h1.5V2a.5.5 0 0 1 .5-.5h2V0H2Zm2 10.5H2a.5.5 0 0 1-.5-.5V8H0v2a2 2 0 0 0 2 2h2v-1.5ZM8 12v-1.5h2a.5.5 0 0 0 .5-.5V8H12v2a2 2 0 0 1-2 2H8Zm2-12a2 2 0 0 1 2 2v2h-1.5V2a.5.5 0 0 0-.5-.5H8V0h2Z\" \/>\n\t\t\t<\/svg>\n\t\t<\/button><figcaption class=\"wp-element-caption\">S\u00e9ville EOS M50 et Canon EOS 15-45 EFM<\/figcaption><\/figure>\n<\/div>\n\n\n<p><strong>A la sortie du M50, j&rsquo;ai \u00e9t\u00e9 surpris du prix plut\u00f4t bas du M50<\/strong>. J&rsquo;ai h\u00e9sit\u00e9 longuement jusqu&rsquo;\u00e0 ce qu&rsquo;une action int\u00e9ressante ne me persuade de l&rsquo;<strong>acheter en kit avec le 15-45<\/strong> si d\u00e9cri\u00e9.<\/p>\n\n\n\n<p>Apr\u00e8s quelques recherches sur les sites de ventes d&rsquo;occasions, je me suis trouv\u00e9 encore deux objectifs manquants. Le petit canon 22F2 et le 11-22 EFM. <\/p>\n\n\n\n<p>Petite mise au point.<\/p>\n\n\n\n<ol class=\"wp-block-list\">\n<li><strong>Il faut arr\u00eater de lire les mauvais retour du Canon M50<\/strong><\/li>\n\n\n\n<li><strong>Il faut arr\u00eater de lire les mauvais retour sur le 15-45<\/strong><\/li>\n\n\n\n<li><strong>Il faut surtout arr\u00eater de lire les mauvais retour sur le 11-22<\/strong><\/li>\n\n\n\n<li><strong>Il faut absolument arr\u00eater de lire les mauvais retour sur le 22f2.<\/strong><\/li>\n\n\n\n<li><strong>Il faut absolument arr\u00eater de lire les mauvais retour du 55-200<\/strong><\/li>\n<\/ol>\n\n\n\n<p>Je ne suis pas payer pour le dire, je peux le prouver via mes petites galeries d&rsquo;images d&rsquo;amateurs \u00e9clair\u00e9s ou mes voyages ou ballades comme ici \u00e0 <a href=\"https:\/\/www.visionlarge.ch\/Blog\/seville\/\">S\u00e9ville en Espagne<\/a> <\/p>\n\n\n\n<h2 class=\"wp-block-heading\"><strong>Le corps, le M50 quoi&#8230;<\/strong><\/h2>\n\n\n\n<figure class=\"wp-block-image size-large\"><img loading=\"lazy\" decoding=\"async\" width=\"2000\" height=\"874\" src=\"https:\/\/www.visionlarge.ch\/Blog\/wp-content\/uploads\/Capture-d\u2019\u00e9cran-2019-06-21-\u00e0-21.28.20-2000x874.png\" alt=\"Canon M50 et ses caract\u00e9ristiques!\" class=\"wp-image-4621\" srcset=\"https:\/\/www.visionlarge.ch\/Blog\/wp-content\/uploads\/Capture-d\u2019\u00e9cran-2019-06-21-\u00e0-21.28.20-2000x874.png 2000w, https:\/\/www.visionlarge.ch\/Blog\/wp-content\/uploads\/Capture-d\u2019\u00e9cran-2019-06-21-\u00e0-21.28.20-600x262.png 600w, https:\/\/www.visionlarge.ch\/Blog\/wp-content\/uploads\/Capture-d\u2019\u00e9cran-2019-06-21-\u00e0-21.28.20-150x66.png 150w, https:\/\/www.visionlarge.ch\/Blog\/wp-content\/uploads\/Capture-d\u2019\u00e9cran-2019-06-21-\u00e0-21.28.20-300x131.png 300w, https:\/\/www.visionlarge.ch\/Blog\/wp-content\/uploads\/Capture-d\u2019\u00e9cran-2019-06-21-\u00e0-21.28.20-768x336.png 768w\" sizes=\"auto, (max-width: 2000px) 100vw, 2000px\" \/><figcaption class=\"wp-element-caption\">De belles caract\u00e9ristiques pour un si petit appareil photo!<\/figcaption><\/figure>\n\n\n\n<p><strong>Le M50 est un super petit appareil<\/strong> photographique a un prix absolument <strong>hyper attractif<\/strong> pour ce qu&rsquo;il offre. Son <strong>capteur de 24Mpx est performant avec une jolie colorim\u00e9trie<\/strong> Canon qui n&rsquo;est plus \u00e0 remettre en question. Il permet sans probl\u00e8me de photographier \u00e0 des valeurs Iso plus que raisonable et pour ceux qui n&rsquo;ont que le mot dynamique \u00e0 la bouche&#8230; Et bien c&rsquo;est plut\u00f4t pas mal pour un aspc!<\/p>\n\n\n\n<p>L&rsquo;\u00e9lectronique du <strong>M50 lui permet une rafale plus que correcte<\/strong> de quelques images par secondes, une <strong>d\u00e9tection des visages<\/strong> qui fonctionnent <strong>pas mal<\/strong> m\u00eame si parfois, il met un tout petit peu de temps pour trouver le visage. Il vous suffit dans ce cas de juste cliquer sur le visage de la personne pour l&rsquo;aider \u00e0 le trouver&#8230; rien de bien grave ;-). <strong>A noter que la version M50 Mark II poss\u00e8de un meilleur suivi<\/strong> gr\u00e2ce a un nouvel algorithme af. <strong>C&rsquo;est d&rsquo;ailleurs la seule diff\u00e9rence<\/strong>&#8230; Canon, n&rsquo;ayant pas donn\u00e9 la mise \u00e0 jour au possesseur du Mark I&#8230;. Dommage.<\/p>\n\n\n<div class=\"wp-block-image\">\n<figure data-wp-context=\"{&quot;imageId&quot;:&quot;69f764bf6fbd8&quot;}\" data-wp-interactive=\"core\/image\" data-wp-key=\"69f764bf6fbd8\" class=\"aligncenter size-large wp-lightbox-container\"><img loading=\"lazy\" decoding=\"async\" width=\"2000\" height=\"1370\" data-wp-class--hide=\"state.isContentHidden\" data-wp-class--show=\"state.isContentVisible\" data-wp-init=\"callbacks.setButtonStyles\" data-wp-on--click=\"actions.showLightbox\" data-wp-on--load=\"callbacks.setButtonStyles\" data-wp-on-window--resize=\"callbacks.setButtonStyles\" src=\"https:\/\/www.visionlarge.ch\/Blog\/wp-content\/uploads\/sans-titre-24-Modifier-2000x1370.jpg\" alt=\"Scooter en Italie\" class=\"wp-image-7620\" srcset=\"https:\/\/www.visionlarge.ch\/Blog\/wp-content\/uploads\/sans-titre-24-Modifier-2000x1370.jpg 2000w, https:\/\/www.visionlarge.ch\/Blog\/wp-content\/uploads\/sans-titre-24-Modifier-300x205.jpg 300w, https:\/\/www.visionlarge.ch\/Blog\/wp-content\/uploads\/sans-titre-24-Modifier-150x103.jpg 150w, https:\/\/www.visionlarge.ch\/Blog\/wp-content\/uploads\/sans-titre-24-Modifier-768x526.jpg 768w, https:\/\/www.visionlarge.ch\/Blog\/wp-content\/uploads\/sans-titre-24-Modifier-1536x1052.jpg 1536w, https:\/\/www.visionlarge.ch\/Blog\/wp-content\/uploads\/sans-titre-24-Modifier-2048x1403.jpg 2048w\" sizes=\"auto, (max-width: 2000px) 100vw, 2000px\" \/><button\n\t\t\tclass=\"lightbox-trigger\"\n\t\t\ttype=\"button\"\n\t\t\taria-haspopup=\"dialog\"\n\t\t\taria-label=\"Agrandir\"\n\t\t\tdata-wp-init=\"callbacks.initTriggerButton\"\n\t\t\tdata-wp-on--click=\"actions.showLightbox\"\n\t\t\tdata-wp-style--right=\"state.imageButtonRight\"\n\t\t\tdata-wp-style--top=\"state.imageButtonTop\"\n\t\t>\n\t\t\t<svg xmlns=\"http:\/\/www.w3.org\/2000\/svg\" width=\"12\" height=\"12\" fill=\"none\" viewBox=\"0 0 12 12\">\n\t\t\t\t<path fill=\"#fff\" d=\"M2 0a2 2 0 0 0-2 2v2h1.5V2a.5.5 0 0 1 .5-.5h2V0H2Zm2 10.5H2a.5.5 0 0 1-.5-.5V8H0v2a2 2 0 0 0 2 2h2v-1.5ZM8 12v-1.5h2a.5.5 0 0 0 .5-.5V8H12v2a2 2 0 0 1-2 2H8Zm2-12a2 2 0 0 1 2 2v2h-1.5V2a.5.5 0 0 0-.5-.5H8V0h2Z\" \/>\n\t\t\t<\/svg>\n\t\t<\/button><figcaption class=\"wp-element-caption\">Voltera en Toscane, EOS M50 et 11-22 EFM<\/figcaption><\/figure>\n<\/div>\n\n\n<p><strong>Le viseur num\u00e9rique<\/strong> est dans le <strong>correct<\/strong>, dans ce qui se fait aujourd&rsquo;hui dans le moyen de gamme. <strong>Le viseur est un peu contrast\u00e9<\/strong>, mais correct. La <strong>correction<\/strong> de la <strong>dioptrie<\/strong> est pratique pour ceux qui ont des petits soucis de vues \ud83d\ude09<\/p>\n\n\n\n<p>J&rsquo;ai appr\u00e9ci\u00e9 et je recherchais absolument l&rsquo;<strong>\u00e9cran orientable, il est sur pivot<\/strong>&#8230; on peut le mettre dans pleins de positions que se soit vertical ou horizontal ou \u00e9ventuellement de bizingue (heu \u00e7a veut dire de travers&#8230;). Et je dois dire que lorsque l&rsquo;on y a gout\u00e9, quel plaisir ! Et la qualit\u00e9 de s<strong>on \u00e9cran est vraiment de bonne qualit\u00e9<\/strong> sans compter qu&rsquo;<strong>il est touchscreen!<\/strong> Un vrai atout!<\/p>\n\n\n\n<p>L&rsquo;<strong>af du M50<\/strong> n&rsquo;est pas le meilleur du monde, on va pas se mentir&#8230; Ils auraient pu mettre un peu plus d&rsquo;options dans les param\u00e8tres de l&rsquo;af&#8230; <strong>On reste quand m\u00eame dans un appareil destin\u00e9 \u00e0 tout le monde<\/strong>&#8230; le compliqu\u00e9 aurait aussi limit\u00e9 peut-\u00eatre son public cible. Comme je l&rsquo;ai mentionn\u00e9 plus haut, la d\u00e9tection visage est pr\u00e9sente. Sans \u00eatre extraordinaire, <strong>elle fait son job plut\u00f4t bien<\/strong>.<\/p>\n\n\n<div class=\"wp-block-image\">\n<figure data-wp-context=\"{&quot;imageId&quot;:&quot;69f764bf7026d&quot;}\" data-wp-interactive=\"core\/image\" data-wp-key=\"69f764bf7026d\" class=\"aligncenter size-large wp-lightbox-container\"><img loading=\"lazy\" decoding=\"async\" width=\"2000\" height=\"1935\" data-wp-class--hide=\"state.isContentHidden\" data-wp-class--show=\"state.isContentVisible\" data-wp-init=\"callbacks.setButtonStyles\" data-wp-on--click=\"actions.showLightbox\" data-wp-on--load=\"callbacks.setButtonStyles\" data-wp-on-window--resize=\"callbacks.setButtonStyles\" src=\"https:\/\/www.visionlarge.ch\/Blog\/wp-content\/uploads\/BaleMussel-2000x1935.jpg\" alt=\"B\u00e2le architecture Suisse\" class=\"wp-image-7665\" srcset=\"https:\/\/www.visionlarge.ch\/Blog\/wp-content\/uploads\/BaleMussel-2000x1935.jpg 2000w, https:\/\/www.visionlarge.ch\/Blog\/wp-content\/uploads\/BaleMussel-300x290.jpg 300w, https:\/\/www.visionlarge.ch\/Blog\/wp-content\/uploads\/BaleMussel-150x145.jpg 150w, https:\/\/www.visionlarge.ch\/Blog\/wp-content\/uploads\/BaleMussel-768x743.jpg 768w, https:\/\/www.visionlarge.ch\/Blog\/wp-content\/uploads\/BaleMussel-1536x1486.jpg 1536w, https:\/\/www.visionlarge.ch\/Blog\/wp-content\/uploads\/BaleMussel-2048x1981.jpg 2048w\" sizes=\"auto, (max-width: 2000px) 100vw, 2000px\" \/><button\n\t\t\tclass=\"lightbox-trigger\"\n\t\t\ttype=\"button\"\n\t\t\taria-haspopup=\"dialog\"\n\t\t\taria-label=\"Agrandir\"\n\t\t\tdata-wp-init=\"callbacks.initTriggerButton\"\n\t\t\tdata-wp-on--click=\"actions.showLightbox\"\n\t\t\tdata-wp-style--right=\"state.imageButtonRight\"\n\t\t\tdata-wp-style--top=\"state.imageButtonTop\"\n\t\t>\n\t\t\t<svg xmlns=\"http:\/\/www.w3.org\/2000\/svg\" width=\"12\" height=\"12\" fill=\"none\" viewBox=\"0 0 12 12\">\n\t\t\t\t<path fill=\"#fff\" d=\"M2 0a2 2 0 0 0-2 2v2h1.5V2a.5.5 0 0 1 .5-.5h2V0H2Zm2 10.5H2a.5.5 0 0 1-.5-.5V8H0v2a2 2 0 0 0 2 2h2v-1.5ZM8 12v-1.5h2a.5.5 0 0 0 .5-.5V8H12v2a2 2 0 0 1-2 2H8Zm2-12a2 2 0 0 1 2 2v2h-1.5V2a.5.5 0 0 0-.5-.5H8V0h2Z\" \/>\n\t\t\t<\/svg>\n\t\t<\/button><figcaption class=\"wp-element-caption\">B\u00e2le, Canon EOS M50 et 11-22 EFM<\/figcaption><\/figure>\n<\/div>\n\n\n<p><strong>Pour \u00e9viter le black out, d\u00e9sactiver la revue d&rsquo;images qui est \u00e0 2 secondes en standard. Cela vous permettra de garder l&rsquo;\u00e9cran ou le viseur tout le temps actif!<\/strong> Bien sur, on peut presser l\u00e9g\u00e8rement le bouton de prise de vue faire disparaitre la revue d&rsquo;images et revenir en temps r\u00e9\u00e9l mais c&rsquo;est juste chiant de le faire \u00e0 chaque prise de vue&#8230;.<\/p>\n\n\n\n<p><strong>Le focus peaking est pr\u00e9sent<\/strong> est permet donc d&rsquo;utiliser facilement des optiques de type manuel par exemple un Canon FD ou autres. Ce qui est un plus.<\/p>\n\n\n\n<p>I<strong>l faudra<\/strong> juste vous <strong>acheter quelques batteries de secours<\/strong> car elles sont vite \u00e0 plat. Personnellement, j&rsquo;en ai qu&rsquo;une pour l&rsquo;instant et je me suis d\u00e9j\u00e0 retrouv\u00e9 \u00e0 plusieurs reprises en panne s\u00e8che. J<strong>e pense que 3 est la bonne quantit\u00e9<\/strong>&#8230; Ne vous en faites pas <strong>c&rsquo;est hyper l\u00e9ger <\/strong>mais c&rsquo;est \u00e0 prendre en compte dans le poids total du boitier et surtout on en trouve \u00e0 des prix super correcte. <\/p>\n\n\n\n<figure data-wp-context=\"{&quot;imageId&quot;:&quot;69f764bf707f3&quot;}\" data-wp-interactive=\"core\/image\" data-wp-key=\"69f764bf707f3\" class=\"wp-block-image size-large wp-lightbox-container\"><img loading=\"lazy\" decoding=\"async\" width=\"2000\" height=\"1458\" data-wp-class--hide=\"state.isContentHidden\" data-wp-class--show=\"state.isContentVisible\" data-wp-init=\"callbacks.setButtonStyles\" data-wp-on--click=\"actions.showLightbox\" data-wp-on--load=\"callbacks.setButtonStyles\" data-wp-on-window--resize=\"callbacks.setButtonStyles\" src=\"https:\/\/www.visionlarge.ch\/Blog\/wp-content\/uploads\/Nice2026_Promenade_Anglais-2000x1458.jpg\" alt=\"Sur la c\u00e9l\u00e8bre promenade des Anglais. Nice\" class=\"wp-image-11833\" srcset=\"https:\/\/www.visionlarge.ch\/Blog\/wp-content\/uploads\/Nice2026_Promenade_Anglais-2000x1458.jpg 2000w, https:\/\/www.visionlarge.ch\/Blog\/wp-content\/uploads\/Nice2026_Promenade_Anglais-300x219.jpg 300w, https:\/\/www.visionlarge.ch\/Blog\/wp-content\/uploads\/Nice2026_Promenade_Anglais-150x109.jpg 150w, https:\/\/www.visionlarge.ch\/Blog\/wp-content\/uploads\/Nice2026_Promenade_Anglais-768x560.jpg 768w, https:\/\/www.visionlarge.ch\/Blog\/wp-content\/uploads\/Nice2026_Promenade_Anglais-1536x1120.jpg 1536w, https:\/\/www.visionlarge.ch\/Blog\/wp-content\/uploads\/Nice2026_Promenade_Anglais-2048x1493.jpg 2048w\" sizes=\"auto, (max-width: 2000px) 100vw, 2000px\" \/><button\n\t\t\tclass=\"lightbox-trigger\"\n\t\t\ttype=\"button\"\n\t\t\taria-haspopup=\"dialog\"\n\t\t\taria-label=\"Agrandir\"\n\t\t\tdata-wp-init=\"callbacks.initTriggerButton\"\n\t\t\tdata-wp-on--click=\"actions.showLightbox\"\n\t\t\tdata-wp-style--right=\"state.imageButtonRight\"\n\t\t\tdata-wp-style--top=\"state.imageButtonTop\"\n\t\t>\n\t\t\t<svg xmlns=\"http:\/\/www.w3.org\/2000\/svg\" width=\"12\" height=\"12\" fill=\"none\" viewBox=\"0 0 12 12\">\n\t\t\t\t<path fill=\"#fff\" d=\"M2 0a2 2 0 0 0-2 2v2h1.5V2a.5.5 0 0 1 .5-.5h2V0H2Zm2 10.5H2a.5.5 0 0 1-.5-.5V8H0v2a2 2 0 0 0 2 2h2v-1.5ZM8 12v-1.5h2a.5.5 0 0 0 .5-.5V8H12v2a2 2 0 0 1-2 2H8Zm2-12a2 2 0 0 1 2 2v2h-1.5V2a.5.5 0 0 0-.5-.5H8V0h2Z\" \/>\n\t\t\t<\/svg>\n\t\t<\/button><figcaption class=\"wp-element-caption\">Canon EOS M50 et Canon 11-22 EFM<\/figcaption><\/figure>\n\n\n\n<p>Je vous conseille les batteries de <strong>Patona<\/strong> <strong><em>(quelques retours n\u00e9gatifs de batteries qui auraient gonfl\u00e9s&#8230; rendant impossible de sortir les batteries de l&rsquo;appareil me pousse \u00e0 vous dire de vous m\u00e9fier&#8230; Perso, jamais eu de probl\u00e8mes&#8230; Mais on sait jamais&#8230;)<\/em><\/strong> ou les <a href=\"https:\/\/www.duracelldirect.ch\/fr\/appareil-photo-numerique\/canon\/oem-pno\/lp-e12.html\"><strong>Duracell<\/strong> en <strong>mod\u00e8le LP-E12<\/strong><\/a> qui sont moins cher. Environ l<strong>a moiti\u00e9 du prix de la Canon<\/strong> LP-E12. Le <strong>mod\u00e8le Duracell pourra<\/strong> se recharger <strong>via <a href=\"https:\/\/www.duracelldirect.ch\/fr\/appareil-photo-numerique\/canon\/oem-pno\/lp-e12--cq8vy3.html\">un petit chargeur USB<\/a><\/strong>, ce qui peut \u00eatre pratique s<strong>i vous poss\u00e9dez une power bank <\/strong>portable. <strong>Le petit soucis de la Duracell<\/strong>, elle n&rsquo;est que de <strong>750 ma\/h contre 850ma\/h<\/strong> pour les autres mod\u00e8les comme la Patona ou la Canon&#8230; J&rsquo;ai pris perso la Patona.<\/p>\n\n\n\n<p><strong>Un petit lien que vous trouverez aussi en bas de page \ud83d\ude09 pour <a href=\"https:\/\/havecamerawilltravel-com.translate.goog\/canon-eos-m50-sd-card\/?_x_tr_sl=en&amp;_x_tr_tl=fr&amp;_x_tr_hl=fr&amp;_x_tr_pto=wapp\">les cartes SD \u00e0 utiliser sur le M50<\/a>.<\/strong><\/p>\n\n\n\n<p>Pour les r\u00e9glages du M50. J&rsquo;utilise le mode couleur standard. Je trouve pas contre les r\u00e9glages de la nettet\u00e9 beaucoup trop fort! Cela devient trop piqu\u00e9, trop plastique! Donc faites attention aux r\u00e9glages si vous ne voulez pas d&rsquo;image trop crispy ! <em>Faites attention si vous rappelez vos r\u00e9glages Jpg dans le RAW<\/em>.<\/p>\n\n\n\n<p>Pour rappel:<\/p>\n\n\n\n<ul class=\"wp-block-list\">\n<li>L&rsquo;onglet <strong>\u00ab Force \u00bb<\/strong> permet de r\u00e9gler le degr\u00e9 de nettet\u00e9 appliqu\u00e9 aux bords de l&rsquo;image.&nbsp;<\/li>\n\n\n\n<li>L&rsquo;onglet <strong>\u00ab Finesse \u00bb<\/strong> permet de d\u00e9terminer la taille des d\u00e9tails am\u00e9lior\u00e9s.&nbsp;<br \/><em>D\u00e9placez-le vers la gauche pour am\u00e9liorer les petits d\u00e9tails.&nbsp;<\/em><\/li>\n\n\n\n<li>L&rsquo;onglet <strong>\u00ab Seuil \u00bb<\/strong> permet de r\u00e9gler le micro contraste dans une partie de l&rsquo;image avant qu&rsquo;elle ne soit prise en compte comme un bord et accentu\u00e9e.&nbsp;<br \/>M\u00eame les bords subtils peuvent \u00eatre accentu\u00e9s en utilisant un r\u00e9glage faible.<\/li>\n<\/ul>\n\n\n\n<h2 class=\"wp-block-heading\"><strong>Le Canon 22f2 Efm<\/strong><\/h2>\n\n\n\n<p>Le petit objectif 22 f2 EFM est un <strong>petit objectif bien sympathique<\/strong>. <strong>Petit, l\u00e9ger et d&rsquo;une qualit\u00e9 optique<\/strong> qui ferait p\u00e2lir bon nombres de grands objectifs au prix stratosph\u00e9riques. <strong>Le Canon 22f2 est la petite optique \u00e0 emporter partout.<\/strong><\/p>\n\n\n\n<p><strong>Son piqu\u00e9 est impressionnant <\/strong>d\u00e8s F2, <strong>ses images sont belles et contrast\u00e9es<\/strong>. Est-ce l&rsquo;objectif parfait? Malheureusement pas&#8230; Il n&rsquo;a pour moi qu&rsquo;un petit d\u00e9faut. <strong>Son moteur af<\/strong> bien <strong>lent<\/strong> vous demandera d&rsquo;\u00eatre un peu patient, si la lentille doit faire un peu de chemin pour faire la mise au point. <\/p>\n\n\n\n<p><strong>La qualit\u00e9 <\/strong>optique qui devient tr\u00e8s bonne <strong>d\u00e8s que l&rsquo;on ne ferme pas plus d&rsquo;un ou deux crans<\/strong>. En effet, <strong>la meilleure qualit\u00e9<\/strong> est entre <strong>f2.8 et 3.5 <\/strong>(approximativement). <strong>Entre F2 et F5.6 c&rsquo;est aussi top!<\/strong> <strong>C&rsquo;est pas magique!<\/strong> On est \u00e0 pleine ouverture! Ne laisser pas l&rsquo;appareil g\u00e9rer l&rsquo;ouverture tout seul en mode auto&#8230;Se serait dommage de fermer \u00e0 F11 est de perdre le summum de l&rsquo;optique! Privil\u00e9gier le mode ouverture!<\/p>\n\n\n\n<p>Reste qu&rsquo;\u00e0 ce prix pour cette qualit\u00e9 optique, on ne va pas faire les difficiles! Et on en trouve en occase! Je l&rsquo;ai eu pour pas cher! Profitez!<\/p>\n\n\n\n<h2 class=\"wp-block-heading\"><strong>Le Canon 15-45 Efm<\/strong><\/h2>\n\n\n\n<p>Le canon 15-45 \u00e0 subit un tsunami de reproches \u00e0 sa sortie. Il est d&rsquo;ailleurs toujours mal vu par ceux qui ne l&rsquo;on jamais essay\u00e9.<\/p>\n\n\n\n<p>Pourtant <strong>ce petit \u00e9quivalent 24-70 est un super compagnon<\/strong>. Primo, c&rsquo;est vrai&#8230; il est <strong>pas tr\u00e8s lumineux<\/strong>. Il faut le reconnaitre, sur ce point, il n&rsquo;est pas le meilleur aujourd&rsquo;hui. <strong>Son ouverture filante F3.5-f6.3 peut dans certains cas \u00eatre un petit handicap<\/strong>. <\/p>\n\n\n\n<p>Reste que <strong>l&rsquo;objectif est petit, l\u00e9ger et stabilis\u00e9!<\/strong> Son piqu\u00e9 \u00e0 f3.5 est moyen mais d<strong>\u00e8s que l&rsquo;on ferme d&rsquo;un cran, il devient tout \u00e0 fait correct<\/strong>. \u00c7a <strong>vignette un peu<\/strong> voir pas mal \u00e0 f3.5 mais en fermant un peu cela s&rsquo;am\u00e9liore mais jamais totalement dans les bords extr\u00eame qui reste encore pas mal sombre. Est-ce r\u00e9ellement une catastrophe&#8230; Cela ne me choc pas plus que cela. Certains s&rsquo;amusent \u00e0 en rajouter, ici y&rsquo;a pas besoin ;-), c&rsquo;est d&rsquo;origine!<\/p>\n\n\n<div class=\"wp-block-image\">\n<figure data-wp-context=\"{&quot;imageId&quot;:&quot;69f764bf70ebc&quot;}\" data-wp-interactive=\"core\/image\" data-wp-key=\"69f764bf70ebc\" class=\"aligncenter size-large wp-lightbox-container\"><img loading=\"lazy\" decoding=\"async\" width=\"2000\" height=\"1370\" data-wp-class--hide=\"state.isContentHidden\" data-wp-class--show=\"state.isContentVisible\" data-wp-init=\"callbacks.setButtonStyles\" data-wp-on--click=\"actions.showLightbox\" data-wp-on--load=\"callbacks.setButtonStyles\" data-wp-on-window--resize=\"callbacks.setButtonStyles\" src=\"https:\/\/www.visionlarge.ch\/Blog\/wp-content\/uploads\/Seville-2023-Arches-entree-2000x1370.jpg\" alt=\"Place d'Espagne \u00e0 S\u00e9ville en Espagne\" class=\"wp-image-7912\" srcset=\"https:\/\/www.visionlarge.ch\/Blog\/wp-content\/uploads\/Seville-2023-Arches-entree-2000x1370.jpg 2000w, https:\/\/www.visionlarge.ch\/Blog\/wp-content\/uploads\/Seville-2023-Arches-entree-300x205.jpg 300w, https:\/\/www.visionlarge.ch\/Blog\/wp-content\/uploads\/Seville-2023-Arches-entree-150x103.jpg 150w, https:\/\/www.visionlarge.ch\/Blog\/wp-content\/uploads\/Seville-2023-Arches-entree-768x526.jpg 768w, https:\/\/www.visionlarge.ch\/Blog\/wp-content\/uploads\/Seville-2023-Arches-entree-1536x1052.jpg 1536w, https:\/\/www.visionlarge.ch\/Blog\/wp-content\/uploads\/Seville-2023-Arches-entree-2048x1403.jpg 2048w\" sizes=\"auto, (max-width: 2000px) 100vw, 2000px\" \/><button\n\t\t\tclass=\"lightbox-trigger\"\n\t\t\ttype=\"button\"\n\t\t\taria-haspopup=\"dialog\"\n\t\t\taria-label=\"Agrandir\"\n\t\t\tdata-wp-init=\"callbacks.initTriggerButton\"\n\t\t\tdata-wp-on--click=\"actions.showLightbox\"\n\t\t\tdata-wp-style--right=\"state.imageButtonRight\"\n\t\t\tdata-wp-style--top=\"state.imageButtonTop\"\n\t\t>\n\t\t\t<svg xmlns=\"http:\/\/www.w3.org\/2000\/svg\" width=\"12\" height=\"12\" fill=\"none\" viewBox=\"0 0 12 12\">\n\t\t\t\t<path fill=\"#fff\" d=\"M2 0a2 2 0 0 0-2 2v2h1.5V2a.5.5 0 0 1 .5-.5h2V0H2Zm2 10.5H2a.5.5 0 0 1-.5-.5V8H0v2a2 2 0 0 0 2 2h2v-1.5ZM8 12v-1.5h2a.5.5 0 0 0 .5-.5V8H12v2a2 2 0 0 1-2 2H8Zm2-12a2 2 0 0 1 2 2v2h-1.5V2a.5.5 0 0 0-.5-.5H8V0h2Z\" \/>\n\t\t\t<\/svg>\n\t\t<\/button><figcaption class=\"wp-element-caption\">Canon EOS M50 et Canon 15-45 EFM<\/figcaption><\/figure>\n<\/div>\n\n\n<p><strong>La qualit\u00e9 <\/strong>optique qui devient bonne <strong>d\u00e8s que l&rsquo;on ne ferme pas plus d&rsquo;un ou deux crans<\/strong>. En effet, <strong>la meilleur qualit\u00e9<\/strong> est entre <strong>f4.5 et 6.3 <\/strong>(approximativement). <strong>C&rsquo;est pas magique!<\/strong> On est \u00e0 pleine ouverture! Ne laisser pas l&rsquo;appareil g\u00e9rer l&rsquo;ouverture tout seul en mode auto&#8230; Privil\u00e9gier le mode ouverture!<\/p>\n\n\n\n<p>Perso, j&rsquo;aime assez cette optique pour ce qu&rsquo;elle est : <strong>petite, l\u00e9g\u00e8re, stabilis\u00e9e, avec un af assez rapide et 5x plus compact qu&rsquo;un vrai 24-70<\/strong>! un trans-standard qui <strong>commence \u00e0 24 <\/strong>et \u00e0 ce prix&#8230; G\u00e9nial! Je dirais que le 24 est \u00e0 utiliser si l&rsquo;on en a vraiment besoin&#8230; l&rsquo;id\u00e9al serait plut\u00f4t \u00e0 l&rsquo;\u00e9quivalent 28.. Donc, 17,5mm sur le barillet&#8230; cela \u00e9vite un trop grand \u00e9tirement de l&rsquo;image et un bord mou du genou.<\/p>\n\n\n\n<p>Pour vous faire une id\u00e9e&#8230; voici une image <strong><a href=\"https:\/\/www.visionlarge.ch\/Blog\/wp-content\/uploads\/1545.CR3\">.Cr3<\/a><\/strong> et <a href=\"https:\/\/www.visionlarge.ch\/Blog\/wp-content\/uploads\/1545.jpg\"><strong>.jpg<\/strong><\/a> que vous pouvez t\u00e9l\u00e9charger. bon c&rsquo;est pas la meilleur, elle est pas super expos\u00e9e mais c&rsquo;est le but&#8230; de bidouiller.<\/p>\n\n\n\n<p>A savoir qu&rsquo;<strong>elle n&rsquo;est pas tropicalis\u00e9e<\/strong> et qu&rsquo;il faudra tout de m\u00eame faire attention aux embruns et \u00e0 la petite pluie.<\/p>\n\n\n\n<p><strong>Pour la pratique panoramique:<\/strong><\/p>\n\n\n\n<p><strong>Canon 15-45 EFM<\/strong> <strong>\u00e0 15mm = 64,5 mm&nbsp;<\/strong> et \u00e0 <strong>18mm = 63 mm<\/strong> \u00e0 <strong>24mm = 57 mm<\/strong> et encore <strong>\u00e0 28mm =<\/strong> <strong>61.5 mm<\/strong> \u00e0 <strong>35mm = 64 mm<\/strong> \u00e0 <strong>45mm = 67 mm<\/strong><\/p>\n\n\n\n<p>Les autres c\u00f4tes sont en phase de recherche \ud83d\ude09<\/p>\n\n\n\n<figure data-wp-context=\"{&quot;imageId&quot;:&quot;69f764bf714b4&quot;}\" data-wp-interactive=\"core\/image\" data-wp-key=\"69f764bf714b4\" class=\"wp-block-image size-large wp-lightbox-container\"><img loading=\"lazy\" decoding=\"async\" width=\"2000\" height=\"1358\" data-wp-class--hide=\"state.isContentHidden\" data-wp-class--show=\"state.isContentVisible\" data-wp-init=\"callbacks.setButtonStyles\" data-wp-on--click=\"actions.showLightbox\" data-wp-on--load=\"callbacks.setButtonStyles\" data-wp-on-window--resize=\"callbacks.setButtonStyles\" src=\"https:\/\/www.visionlarge.ch\/Blog\/wp-content\/uploads\/48102503037_4ed15849e2_o-2000x1358.jpg\" alt=\"Canon M50 dans le Lauterbrunnen avec le 15-45 si d\u00e9cri\u00e9.\" class=\"wp-image-4609\" srcset=\"https:\/\/www.visionlarge.ch\/Blog\/wp-content\/uploads\/48102503037_4ed15849e2_o-2000x1358.jpg 2000w, https:\/\/www.visionlarge.ch\/Blog\/wp-content\/uploads\/48102503037_4ed15849e2_o-600x407.jpg 600w, https:\/\/www.visionlarge.ch\/Blog\/wp-content\/uploads\/48102503037_4ed15849e2_o-150x102.jpg 150w, https:\/\/www.visionlarge.ch\/Blog\/wp-content\/uploads\/48102503037_4ed15849e2_o-300x204.jpg 300w, https:\/\/www.visionlarge.ch\/Blog\/wp-content\/uploads\/48102503037_4ed15849e2_o-768x521.jpg 768w\" sizes=\"auto, (max-width: 2000px) 100vw, 2000px\" \/><button\n\t\t\tclass=\"lightbox-trigger\"\n\t\t\ttype=\"button\"\n\t\t\taria-haspopup=\"dialog\"\n\t\t\taria-label=\"Agrandir\"\n\t\t\tdata-wp-init=\"callbacks.initTriggerButton\"\n\t\t\tdata-wp-on--click=\"actions.showLightbox\"\n\t\t\tdata-wp-style--right=\"state.imageButtonRight\"\n\t\t\tdata-wp-style--top=\"state.imageButtonTop\"\n\t\t>\n\t\t\t<svg xmlns=\"http:\/\/www.w3.org\/2000\/svg\" width=\"12\" height=\"12\" fill=\"none\" viewBox=\"0 0 12 12\">\n\t\t\t\t<path fill=\"#fff\" d=\"M2 0a2 2 0 0 0-2 2v2h1.5V2a.5.5 0 0 1 .5-.5h2V0H2Zm2 10.5H2a.5.5 0 0 1-.5-.5V8H0v2a2 2 0 0 0 2 2h2v-1.5ZM8 12v-1.5h2a.5.5 0 0 0 .5-.5V8H12v2a2 2 0 0 1-2 2H8Zm2-12a2 2 0 0 1 2 2v2h-1.5V2a.5.5 0 0 0-.5-.5H8V0h2Z\" \/>\n\t\t\t<\/svg>\n\t\t<\/button><figcaption class=\"wp-element-caption\">Canon M50 dans le Lauterbrunnen avec le 15-45 si d\u00e9cri\u00e9.<\/figcaption><\/figure>\n\n\n\n<h2 class=\"wp-block-heading\"><strong>Le Canon 11-22 Efm<\/strong><\/h2>\n\n\n\n<p>Le canon 11-22 est <strong>la perle de mon quattro<\/strong> que je poss\u00e8de aujourd&rsquo;hui avec mon Canon M50. <strong>Cette optique est impressionnante de compacit\u00e9<\/strong>. Un <strong>\u00e9quivalent 17-35 IS<\/strong> dans ce tout petit objectif!<\/p>\n\n\n<div class=\"wp-block-image\">\n<figure data-wp-context=\"{&quot;imageId&quot;:&quot;69f764bf71b57&quot;}\" data-wp-interactive=\"core\/image\" data-wp-key=\"69f764bf71b57\" class=\"aligncenter size-large wp-lightbox-container\"><img loading=\"lazy\" decoding=\"async\" width=\"2000\" height=\"1370\" data-wp-class--hide=\"state.isContentHidden\" data-wp-class--show=\"state.isContentVisible\" data-wp-init=\"callbacks.setButtonStyles\" data-wp-on--click=\"actions.showLightbox\" data-wp-on--load=\"callbacks.setButtonStyles\" data-wp-on-window--resize=\"callbacks.setButtonStyles\" src=\"https:\/\/www.visionlarge.ch\/Blog\/wp-content\/uploads\/Seville-2023-GuadalquivirBergeArt-2000x1370.jpg\" alt=\"Sur les berges du Guadalquivir en Espagne \u00e0 S\u00e9ville\" class=\"wp-image-7926\" srcset=\"https:\/\/www.visionlarge.ch\/Blog\/wp-content\/uploads\/Seville-2023-GuadalquivirBergeArt-2000x1370.jpg 2000w, https:\/\/www.visionlarge.ch\/Blog\/wp-content\/uploads\/Seville-2023-GuadalquivirBergeArt-300x205.jpg 300w, https:\/\/www.visionlarge.ch\/Blog\/wp-content\/uploads\/Seville-2023-GuadalquivirBergeArt-150x103.jpg 150w, https:\/\/www.visionlarge.ch\/Blog\/wp-content\/uploads\/Seville-2023-GuadalquivirBergeArt-768x526.jpg 768w, https:\/\/www.visionlarge.ch\/Blog\/wp-content\/uploads\/Seville-2023-GuadalquivirBergeArt-1536x1052.jpg 1536w, https:\/\/www.visionlarge.ch\/Blog\/wp-content\/uploads\/Seville-2023-GuadalquivirBergeArt-2048x1403.jpg 2048w\" sizes=\"auto, (max-width: 2000px) 100vw, 2000px\" \/><button\n\t\t\tclass=\"lightbox-trigger\"\n\t\t\ttype=\"button\"\n\t\t\taria-haspopup=\"dialog\"\n\t\t\taria-label=\"Agrandir\"\n\t\t\tdata-wp-init=\"callbacks.initTriggerButton\"\n\t\t\tdata-wp-on--click=\"actions.showLightbox\"\n\t\t\tdata-wp-style--right=\"state.imageButtonRight\"\n\t\t\tdata-wp-style--top=\"state.imageButtonTop\"\n\t\t>\n\t\t\t<svg xmlns=\"http:\/\/www.w3.org\/2000\/svg\" width=\"12\" height=\"12\" fill=\"none\" viewBox=\"0 0 12 12\">\n\t\t\t\t<path fill=\"#fff\" d=\"M2 0a2 2 0 0 0-2 2v2h1.5V2a.5.5 0 0 1 .5-.5h2V0H2Zm2 10.5H2a.5.5 0 0 1-.5-.5V8H0v2a2 2 0 0 0 2 2h2v-1.5ZM8 12v-1.5h2a.5.5 0 0 0 .5-.5V8H12v2a2 2 0 0 1-2 2H8Zm2-12a2 2 0 0 1 2 2v2h-1.5V2a.5.5 0 0 0-.5-.5H8V0h2Z\" \/>\n\t\t\t<\/svg>\n\t\t<\/button><figcaption class=\"wp-element-caption\">Canon EOS M50 et Canon 11-22 EFM<\/figcaption><\/figure>\n<\/div>\n\n\n<p><strong>Sa qualit\u00e9 optique est tr\u00e8s bonne<\/strong> de 11 \u00e0 22mm. C&rsquo;est l&rsquo;<strong>objectif de la gamme Efm \u00e0 poss\u00e9der<\/strong> absolument ! Il n&rsquo;a rien \u00e0 envier \u00e0 certains objectifs hauts de gammes pesant 2 \u00e0 3 (voir 4&#8230;) fois son poids et faisant 2 \u00e0 3 fois son volume!<\/p>\n\n\n\n<p>J&rsquo;adore cette optique grand angle. Elle est la lentille parfaite pour celui qui aime photographier large et s&rsquo;il le veut sans tr\u00e9pied. Parce que oui, <strong>elle est stabilis\u00e9e de plus<\/strong>. <\/p>\n\n\n\n<p><strong>Un optique bien sympathique pour les baroudeurs et les randonneurs<\/strong> qui appr\u00e9cieront son <strong>poids plume sans sacrifier la qualit\u00e9 <\/strong>optique qui devient tr\u00e8s bonne <strong>d\u00e8s que l&rsquo;on ne ferme pas plus d&rsquo;un ou deux crans<\/strong>. En effet, <strong>la meilleur qualit\u00e9<\/strong> est entre <strong>f4.5 et 5.6 entre 11 et 16<\/strong> et <strong>5.6 et 7.1 \u00e0 17-22!<\/strong> (approximativement). <strong>C&rsquo;est pas magique!<\/strong> On est \u00e0 pleine ouverture!<\/p>\n\n\n\n<p>Je l&rsquo;ai utilis\u00e9e presque dans tous mes ballades et voyages. <a href=\"https:\/\/www.visionlarge.ch\/Blog\/voyage-en-toscane\/\">Comme par exemple en Toscane<\/a><\/p>\n\n\n<div class=\"wp-block-image\">\n<figure data-wp-context=\"{&quot;imageId&quot;:&quot;69f764bf721c0&quot;}\" data-wp-interactive=\"core\/image\" data-wp-key=\"69f764bf721c0\" class=\"aligncenter size-large wp-lightbox-container\"><img loading=\"lazy\" decoding=\"async\" width=\"2000\" height=\"1370\" data-wp-class--hide=\"state.isContentHidden\" data-wp-class--show=\"state.isContentVisible\" data-wp-init=\"callbacks.setButtonStyles\" data-wp-on--click=\"actions.showLightbox\" data-wp-on--load=\"callbacks.setButtonStyles\" data-wp-on-window--resize=\"callbacks.setButtonStyles\" src=\"https:\/\/www.visionlarge.ch\/Blog\/wp-content\/uploads\/Seville-2023-Couloir-2000x1370.jpg\" alt=\"Place d'Espagne \u00e0 S\u00e9ville en Espagne\" class=\"wp-image-7906\" srcset=\"https:\/\/www.visionlarge.ch\/Blog\/wp-content\/uploads\/Seville-2023-Couloir-2000x1370.jpg 2000w, https:\/\/www.visionlarge.ch\/Blog\/wp-content\/uploads\/Seville-2023-Couloir-300x205.jpg 300w, https:\/\/www.visionlarge.ch\/Blog\/wp-content\/uploads\/Seville-2023-Couloir-150x103.jpg 150w, https:\/\/www.visionlarge.ch\/Blog\/wp-content\/uploads\/Seville-2023-Couloir-768x526.jpg 768w, https:\/\/www.visionlarge.ch\/Blog\/wp-content\/uploads\/Seville-2023-Couloir-1536x1052.jpg 1536w, https:\/\/www.visionlarge.ch\/Blog\/wp-content\/uploads\/Seville-2023-Couloir-2048x1403.jpg 2048w\" sizes=\"auto, (max-width: 2000px) 100vw, 2000px\" \/><button\n\t\t\tclass=\"lightbox-trigger\"\n\t\t\ttype=\"button\"\n\t\t\taria-haspopup=\"dialog\"\n\t\t\taria-label=\"Agrandir\"\n\t\t\tdata-wp-init=\"callbacks.initTriggerButton\"\n\t\t\tdata-wp-on--click=\"actions.showLightbox\"\n\t\t\tdata-wp-style--right=\"state.imageButtonRight\"\n\t\t\tdata-wp-style--top=\"state.imageButtonTop\"\n\t\t>\n\t\t\t<svg xmlns=\"http:\/\/www.w3.org\/2000\/svg\" width=\"12\" height=\"12\" fill=\"none\" viewBox=\"0 0 12 12\">\n\t\t\t\t<path fill=\"#fff\" d=\"M2 0a2 2 0 0 0-2 2v2h1.5V2a.5.5 0 0 1 .5-.5h2V0H2Zm2 10.5H2a.5.5 0 0 1-.5-.5V8H0v2a2 2 0 0 0 2 2h2v-1.5ZM8 12v-1.5h2a.5.5 0 0 0 .5-.5V8H12v2a2 2 0 0 1-2 2H8Zm2-12a2 2 0 0 1 2 2v2h-1.5V2a.5.5 0 0 0-.5-.5H8V0h2Z\" \/>\n\t\t\t<\/svg>\n\t\t<\/button><figcaption class=\"wp-element-caption\">S\u00e9ville au Canon EOS M50 et Canon 11-22 EFM<\/figcaption><\/figure>\n<\/div>\n\n\n<p>A savoir qu&rsquo;<strong>elle n&rsquo;est pas tropicalis\u00e9e<\/strong> et qu&rsquo;il faudra tout de m\u00eame faire attention aux embruns et petite pluie. <\/p>\n\n\n\n<p><strong><em>Pour la pratique panoramique:<\/em><\/strong><\/p>\n\n\n\n<p><strong>Canon 11-22 EFM<\/strong> \u00e0 11mm = <strong>77mm<\/strong><\/p>\n\n\n\n<p><strong>\u00e0 12mm = 77mm<\/strong> et \u00e0 <strong>14mm = 74.5mm <\/strong>et encore <strong>17mm = 77mm<\/strong> et bien sur <strong>\u00e0 22mm = 76mm<\/strong><\/p>\n\n\n\n<p>J\u2019ai pris les c\u00f4tes assez rapidement mais avec un plan tr\u00e8s rapproch\u00e9 et tr\u00e8s \u00e9loign\u00e9.<\/p>\n\n\n\n<p>Cela donne donc des c\u00f4tes tr\u00e8s fiables. On voit qu\u2019\u00e0 14 la lentille par l\u00e9g\u00e8rement en arri\u00e8re. C\u2019est du \u00e0 la construction de l\u2019objectif. On ressent ce mouvement dans les c\u00f4tes ci-dessus.<\/p>\n\n\n\n<p><strong><em>A part \u00e0 la focale de 14mm on peut utiliser facilement la c\u00f4te de 77mm.<\/em><\/strong><\/p>\n\n\n\n<p>A ce prix! N&rsquo;h\u00e9sitez pas! Se serait le regretter! Et y&rsquo;en a pleins d&rsquo;occase.<\/p>\n\n\n\n<figure data-wp-context=\"{&quot;imageId&quot;:&quot;69f764bf7291d&quot;}\" data-wp-interactive=\"core\/image\" data-wp-key=\"69f764bf7291d\" class=\"wp-block-image size-large wp-lightbox-container\"><img loading=\"lazy\" decoding=\"async\" width=\"2000\" height=\"1167\" data-wp-class--hide=\"state.isContentHidden\" data-wp-class--show=\"state.isContentVisible\" data-wp-init=\"callbacks.setButtonStyles\" data-wp-on--click=\"actions.showLightbox\" data-wp-on--load=\"callbacks.setButtonStyles\" data-wp-on-window--resize=\"callbacks.setButtonStyles\" src=\"https:\/\/www.visionlarge.ch\/Blog\/wp-content\/uploads\/48102317421_d0af60a23b_o-2000x1167.jpg\" alt=\"A la chute de la Tine de Conflens avec le 11-22 Efm\" class=\"wp-image-4602\" srcset=\"https:\/\/www.visionlarge.ch\/Blog\/wp-content\/uploads\/48102317421_d0af60a23b_o-2000x1167.jpg 2000w, https:\/\/www.visionlarge.ch\/Blog\/wp-content\/uploads\/48102317421_d0af60a23b_o-600x350.jpg 600w, https:\/\/www.visionlarge.ch\/Blog\/wp-content\/uploads\/48102317421_d0af60a23b_o-150x88.jpg 150w, https:\/\/www.visionlarge.ch\/Blog\/wp-content\/uploads\/48102317421_d0af60a23b_o-300x175.jpg 300w, https:\/\/www.visionlarge.ch\/Blog\/wp-content\/uploads\/48102317421_d0af60a23b_o-768x448.jpg 768w\" sizes=\"auto, (max-width: 2000px) 100vw, 2000px\" \/><button\n\t\t\tclass=\"lightbox-trigger\"\n\t\t\ttype=\"button\"\n\t\t\taria-haspopup=\"dialog\"\n\t\t\taria-label=\"Agrandir\"\n\t\t\tdata-wp-init=\"callbacks.initTriggerButton\"\n\t\t\tdata-wp-on--click=\"actions.showLightbox\"\n\t\t\tdata-wp-style--right=\"state.imageButtonRight\"\n\t\t\tdata-wp-style--top=\"state.imageButtonTop\"\n\t\t>\n\t\t\t<svg xmlns=\"http:\/\/www.w3.org\/2000\/svg\" width=\"12\" height=\"12\" fill=\"none\" viewBox=\"0 0 12 12\">\n\t\t\t\t<path fill=\"#fff\" d=\"M2 0a2 2 0 0 0-2 2v2h1.5V2a.5.5 0 0 1 .5-.5h2V0H2Zm2 10.5H2a.5.5 0 0 1-.5-.5V8H0v2a2 2 0 0 0 2 2h2v-1.5ZM8 12v-1.5h2a.5.5 0 0 0 .5-.5V8H12v2a2 2 0 0 1-2 2H8Zm2-12a2 2 0 0 1 2 2v2h-1.5V2a.5.5 0 0 0-.5-.5H8V0h2Z\" \/>\n\t\t\t<\/svg>\n\t\t<\/button><figcaption class=\"wp-element-caption\">Petit tour \u00e0 la chute de la Tine de Conflens avec le Canon 11-22 Efm<\/figcaption><\/figure>\n\n\n\n<h2 class=\"wp-block-heading\"><strong>Sigma 16,30 et 56 f1.4 monture EFm<\/strong><\/h2>\n\n\n\n<p>Je me dois de parler de la sortie des optiques Sigma sorties r\u00e9cemment. <\/p>\n\n\n\n<p>Trois jolies optiques fixes \u00e0 grandes ouvertures sont donc aujourd&rsquo;hui accessible pour les appareils sans miroir comme le M50 mais bien sur aussi le M5 et le M100.<\/p>\n\n\n\n<p>Sigma \u00e0 fait le bon choix de partager avec la monture EFm ses versions DC qui cartonne sur les montures Sony depuis d\u00e9j\u00e0 quelques mois.<\/p>\n\n\n<div class=\"wp-block-image\">\n<figure data-wp-context=\"{&quot;imageId&quot;:&quot;69f764bf7307b&quot;}\" data-wp-interactive=\"core\/image\" data-wp-key=\"69f764bf7307b\" class=\"aligncenter size-large is-resized wp-lightbox-container\"><img loading=\"lazy\" decoding=\"async\" width=\"1334\" height=\"2000\" data-wp-class--hide=\"state.isContentHidden\" data-wp-class--show=\"state.isContentVisible\" data-wp-init=\"callbacks.setButtonStyles\" data-wp-on--click=\"actions.showLightbox\" data-wp-on--load=\"callbacks.setButtonStyles\" data-wp-on-window--resize=\"callbacks.setButtonStyles\" src=\"http:\/\/www.visionlarge.ch\/Blog\/wp-content\/uploads\/Anniversaire-70ans-Maman2-1334x2000.jpg\" alt=\"\" class=\"wp-image-6928\" style=\"width:482px;height:undefinedpx\" srcset=\"https:\/\/www.visionlarge.ch\/Blog\/wp-content\/uploads\/Anniversaire-70ans-Maman2-1334x2000.jpg 1334w, https:\/\/www.visionlarge.ch\/Blog\/wp-content\/uploads\/Anniversaire-70ans-Maman2-600x900.jpg 600w, https:\/\/www.visionlarge.ch\/Blog\/wp-content\/uploads\/Anniversaire-70ans-Maman2-200x300.jpg 200w, https:\/\/www.visionlarge.ch\/Blog\/wp-content\/uploads\/Anniversaire-70ans-Maman2-100x150.jpg 100w, https:\/\/www.visionlarge.ch\/Blog\/wp-content\/uploads\/Anniversaire-70ans-Maman2-768x1152.jpg 768w, https:\/\/www.visionlarge.ch\/Blog\/wp-content\/uploads\/Anniversaire-70ans-Maman2-1024x1536.jpg 1024w, https:\/\/www.visionlarge.ch\/Blog\/wp-content\/uploads\/Anniversaire-70ans-Maman2-1366x2048.jpg 1366w, https:\/\/www.visionlarge.ch\/Blog\/wp-content\/uploads\/Anniversaire-70ans-Maman2.jpg 1667w\" sizes=\"auto, (max-width: 1334px) 100vw, 1334px\" \/><button\n\t\t\tclass=\"lightbox-trigger\"\n\t\t\ttype=\"button\"\n\t\t\taria-haspopup=\"dialog\"\n\t\t\taria-label=\"Agrandir\"\n\t\t\tdata-wp-init=\"callbacks.initTriggerButton\"\n\t\t\tdata-wp-on--click=\"actions.showLightbox\"\n\t\t\tdata-wp-style--right=\"state.imageButtonRight\"\n\t\t\tdata-wp-style--top=\"state.imageButtonTop\"\n\t\t>\n\t\t\t<svg xmlns=\"http:\/\/www.w3.org\/2000\/svg\" width=\"12\" height=\"12\" fill=\"none\" viewBox=\"0 0 12 12\">\n\t\t\t\t<path fill=\"#fff\" d=\"M2 0a2 2 0 0 0-2 2v2h1.5V2a.5.5 0 0 1 .5-.5h2V0H2Zm2 10.5H2a.5.5 0 0 1-.5-.5V8H0v2a2 2 0 0 0 2 2h2v-1.5ZM8 12v-1.5h2a.5.5 0 0 0 .5-.5V8H12v2a2 2 0 0 1-2 2H8Zm2-12a2 2 0 0 1 2 2v2h-1.5V2a.5.5 0 0 0-.5-.5H8V0h2Z\" \/>\n\t\t\t<\/svg>\n\t\t<\/button><figcaption class=\"wp-element-caption\">Sigma 56f1.4 EFm<\/figcaption><\/figure>\n<\/div>\n\n\n<p>Je n&rsquo;ai pas encore essay\u00e9 ses trois optiques qui devraient \u00eatre en mes mains d&rsquo;ici quelques jours. Sigma me les pr\u00eatant quelques jours afin que je puisse me faire mon avis. <a href=\"https:\/\/www.visionlarge.ch\/Blog\/sigma-efm\/\">C&rsquo;est en phase de test et vous pouvez au fur et \u00e0 mesure voir l&rsquo;avancement ici&#8230;.<\/a><\/p>\n\n\n\n<p>Je vous laisse aussi les trois liens de Sigma Romandie.<\/p>\n\n\n\n<p>Et je vous met la r\u00e9ponse de <a href=\"https:\/\/www.sigma-suisseattitude.ch\/christian-cuennet\" target=\"_blank\" rel=\"noreferrer noopener\">Christian Cuenet<\/a>, photographe de Sigma Romandie.<\/p>\n\n\n\n<div class=\"wp-block-group\"><div class=\"wp-block-group__inner-container is-layout-flow wp-block-group-is-layout-flow\">\n<div class=\"wp-block-group\"><div class=\"wp-block-group__inner-container is-layout-flow wp-block-group-is-layout-flow\">\n<p><em><strong>Salut,<\/strong><\/em><\/p>\n<\/div><\/div>\n\n\n\n<p><em> <strong>Y\u2019a pas grand chose \u00e0 dire. Que se soit le 16, le 30 ou le 56, \u00e7a pique tr\u00e8s fort et le bokeh est Sigmatis\u00e9 (doux et cr\u00e9meux comme Sigma sait le faire). <\/strong><\/em><\/p>\n\n\n\n<p><em><strong>Beaucoup plussoie le 16 car c\u2019est un 24 lumineux et qu\u2019il est tr\u00e8s piqu\u00e9. Mais, il n\u2019est pas tr\u00e8s compact sur la longueur. Certains plussoient le 56 parce qu\u2019il est tr\u00e8s compact et ressemble \u00e0 un 85 pour le portrait. Le 30 \u00e9tonnamment est le moins vendu. <\/strong><\/em><\/p>\n\n\n\n<p><em><strong>Mais la gamme fait un v\u00e9ritable carton autant sur la monture Sony que sur la monture 4\/3. Sur Canon, il n\u2019a pas trop de retour mais la densit\u00e9 du capteur du M50 ressemble \u00e0 celle du Sony. Bien que le Sony a un rendu plus\u2026 num\u00e9rique. Le Canon ayant un rendu plus armonieux.<br \/>Dans tous les cas mettre un 56 sur le M50 c\u2019est en devenir en gros accros. Il risque d\u2019\u00eatre soud\u00e9 sur le M50.<\/strong><\/em><\/p>\n<\/div><\/div>\n\n\n\n<p>Je vous met aussi les liens qu\u2019il m\u2019a donn\u00e9.<br \/><a href=\"https:\/\/www.sigma-romandie.ch\/16mm-1.4-dc-dn-c.shtml\"><strong>https:\/\/www.sigma-romandie.ch\/16mm-1.4-dc-dn-c.shtml<\/strong><\/a><\/p>\n\n\n\n<p><a href=\"https:\/\/www.sigma-romandie.ch\/30mm1.4-dc-dn-c.shtml\"><strong>https:\/\/www.sigma-romandie.ch\/30mm1.4-dc-dn-c.shtml<\/strong><\/a><\/p>\n\n\n\n<p><a href=\"https:\/\/www.sigma-romandie.ch\/56mm-1.4-dc-dn-c.shtml\">h<strong>ttps:\/\/www.sigma-romandie.ch\/56mm-1.4-dc-dn-c.shtml<\/strong><\/a><\/p>\n\n\n\n<h2 class=\"wp-block-heading\">Et l&rsquo;adaptateur Ef vers Efm? <\/h2>\n\n\n\n<p><strong>L&rsquo;adapteur<\/strong> Ef vers Efm <strong>permet<\/strong> de <strong>pouvoir utiliser ses objectifs Ef<\/strong> canon vers la monture Efm des appareils M comme le M50, mais aussi le M100 ou \u00e9ventuellement le M5&#8230; bref&#8230;<\/p>\n\n\n\n<p>Cette adaptateur, je n&rsquo;y croyais pas trop au d\u00e9part&#8230; j&rsquo;\u00e9tais un peu septique. L&rsquo;ayant trouv\u00e9 sur un site d&rsquo;occasion pour une bouch\u00e9e de pain, je n&rsquo;ai pu que le rajouter \u00e0 ma collection \ud83d\ude09<\/p>\n\n\n\n<p>Et ben, <strong>\u00e7a marche d&rsquo;enfer<\/strong>. Les objectifs Ef fonctionnent tout aussi bien qu&rsquo;un objectif Efm. L&rsquo;af n&rsquo;est ni mieux ni moins bon <strong>C&rsquo;est kiffe kiffe!<\/strong><\/p>\n\n\n\n<p>Je l&rsquo;utilise pour les focales que je n&rsquo;ai pas dans la monture native de l&rsquo;Eos M50. Le pankake Canon 40f2.8 et le Canon 50f1.8 deviennent de petits t\u00e9l\u00e9s sympathiques pour le portrait.<\/p>\n\n\n\n<p><strong>Je n&rsquo;utilise pas trop le Canon 50f1.4 sur le M50<\/strong>&#8230; les <strong>aberrations chromatiques<\/strong> \u00e9tant tr\u00e8s<strong> tr\u00e8s visibles \u00e0 f1.4 jusqu&rsquo;\u00e0 F2.8<\/strong>.., le <strong>Canon 50f1.8 II (la version STM du 50 f1.8 ira encore mieux!) \u00e9tant bien meilleur<\/strong> sur le M50&#8230; et il est juste <strong>presque 3x moins cher<\/strong> (et 3x moins lourd)&#8230;et c&rsquo;est pas de f1.4 \u00e0 f1.8&#8230;&#8230;<\/p>\n\n\n\n<p><strong>Les 70-200 et le 135<\/strong> deviennent lourds pour le petit Canon M50. Mais l<strong>a qualit\u00e9 d&rsquo;image devient juste bluffante!<\/strong> <strong>N&rsquo;ayant pas le 55-200 Efm (heu, aujourd&rsquo;hui je le poss\u00e8de), j&rsquo;utilise \u00e0 la place le 70-200 F4<\/strong> qui devient un peu long (sur le d\u00e9part) tout de m\u00eame \ud83d\ude09<\/p>\n\n\n\n<h3 class=\"wp-block-heading\"><strong>Canon 55-200 Efm<\/strong>, en bref.<\/h3>\n\n\n\n<p><strong>Alors quand est-il du 50-200 Efm<\/strong>. J&rsquo;ai h\u00e9sit\u00e9 plusieurs fois \u00e0 le prendre. Oui&#8230;Non&#8230;Oui&#8230;Non. Je dirais que c&rsquo;est pas mal. <strong>Comme pour les autres optiques, il a des ouvertures assez faibles, f6.3 \u00e0 200<\/strong>&#8230; (n&rsquo;oublions c&rsquo;est 320mm, je crois qu&rsquo;\u00e0 200, il est environ \u00e0 F5&#8230;) Oui c&rsquo;est <strong>pas beaucoup en t\u00e9l\u00e9<\/strong>. Mais, il a de <strong>grands avantages! Son poids tr\u00e8s r\u00e9duit! Et il est minuscule<\/strong>! De plus son <strong>IS est vraiment efficace<\/strong>! <\/p>\n\n\n\n<p>Je n&rsquo;ai pas beaucoup fait d&rsquo;images avec. Mais <strong>le piqu\u00e9 est l\u00e0<\/strong>. <strong>Attention, faut visiblement pas trop fermer, la diffraction monte tr\u00e8s rapidement<\/strong>. Mais \u00e0 pleine ouverture + un ou deux crans et c&rsquo;est surprenant.<\/p>\n\n\n\n<p><strong>Comme les 11-22, 15-45, il souffre d&rsquo;un manque de contrastes<\/strong>, mais \u00e7a se corrige tr\u00e8s bien. Et franchement <strong>se promener avec un \u00e9quivalent 80-320<\/strong>, qui accompagnera tr\u00e8s bien les \u00e9quivalents 16-35, 24-72<strong> c&rsquo;est que du bonheur! <\/strong>Un vrai plaisir. <\/p>\n\n\n\n<figure data-wp-context=\"{&quot;imageId&quot;:&quot;69f764bf739b8&quot;}\" data-wp-interactive=\"core\/image\" data-wp-key=\"69f764bf739b8\" class=\"wp-block-image size-large wp-lightbox-container\"><img loading=\"lazy\" decoding=\"async\" width=\"2000\" height=\"1367\" data-wp-class--hide=\"state.isContentHidden\" data-wp-class--show=\"state.isContentVisible\" data-wp-init=\"callbacks.setButtonStyles\" data-wp-on--click=\"actions.showLightbox\" data-wp-on--load=\"callbacks.setButtonStyles\" data-wp-on-window--resize=\"callbacks.setButtonStyles\" src=\"https:\/\/www.visionlarge.ch\/Blog\/wp-content\/uploads\/sans-titre-56-copie-2000x1367.jpg\" alt=\"\" class=\"wp-image-7220\" srcset=\"https:\/\/www.visionlarge.ch\/Blog\/wp-content\/uploads\/sans-titre-56-copie-2000x1367.jpg 2000w, https:\/\/www.visionlarge.ch\/Blog\/wp-content\/uploads\/sans-titre-56-copie-300x205.jpg 300w, https:\/\/www.visionlarge.ch\/Blog\/wp-content\/uploads\/sans-titre-56-copie-150x103.jpg 150w, https:\/\/www.visionlarge.ch\/Blog\/wp-content\/uploads\/sans-titre-56-copie-768x525.jpg 768w, https:\/\/www.visionlarge.ch\/Blog\/wp-content\/uploads\/sans-titre-56-copie-1536x1050.jpg 1536w, https:\/\/www.visionlarge.ch\/Blog\/wp-content\/uploads\/sans-titre-56-copie-2048x1400.jpg 2048w\" sizes=\"auto, (max-width: 2000px) 100vw, 2000px\" \/><button\n\t\t\tclass=\"lightbox-trigger\"\n\t\t\ttype=\"button\"\n\t\t\taria-haspopup=\"dialog\"\n\t\t\taria-label=\"Agrandir\"\n\t\t\tdata-wp-init=\"callbacks.initTriggerButton\"\n\t\t\tdata-wp-on--click=\"actions.showLightbox\"\n\t\t\tdata-wp-style--right=\"state.imageButtonRight\"\n\t\t\tdata-wp-style--top=\"state.imageButtonTop\"\n\t\t>\n\t\t\t<svg xmlns=\"http:\/\/www.w3.org\/2000\/svg\" width=\"12\" height=\"12\" fill=\"none\" viewBox=\"0 0 12 12\">\n\t\t\t\t<path fill=\"#fff\" d=\"M2 0a2 2 0 0 0-2 2v2h1.5V2a.5.5 0 0 1 .5-.5h2V0H2Zm2 10.5H2a.5.5 0 0 1-.5-.5V8H0v2a2 2 0 0 0 2 2h2v-1.5ZM8 12v-1.5h2a.5.5 0 0 0 .5-.5V8H12v2a2 2 0 0 1-2 2H8Zm2-12a2 2 0 0 1 2 2v2h-1.5V2a.5.5 0 0 0-.5-.5H8V0h2Z\" \/>\n\t\t\t<\/svg>\n\t\t<\/button><figcaption class=\"wp-element-caption\">Montreux, Canon 55-200 EF-m<\/figcaption><\/figure>\n\n\n\n<h3 class=\"wp-block-heading has-larger-font-size\"><strong>Canon 100 f2.8 L IS Macro<\/strong> en bref.<\/h3>\n\n\n\n<p>J&rsquo;ai pu tester le <strong>Canon 100 F2.8 IS L<\/strong> <strong>Macro<\/strong> (qui devient un <strong>\u00e9quivalent 160F4.5<\/strong> avec le facteur x1.6). Il fonctionne \u00e0 merveille sur le petit <strong>M50<\/strong>. Gr\u00e2ce \u00e0 <strong>la stabilisation et l&rsquo;\u00e9cran orientable<\/strong> (dans tous les sens, ce qui est un plus lorsque l&rsquo;on est parfois dans des situations compliqu\u00e9es). Un super combo pour la macro. Je n&rsquo;ai pas encore d&rsquo;images suffisamment \u00ab\u00a0pointues\u00a0\u00bb pour vous montrer le r\u00e9sultat, mais bient\u00f4t ;-). <\/p>\n\n\n\n<p><strong>Le focus peaking bien pratique et la loupe<\/strong> permettent une <strong>mise au point au petit oignon<\/strong>. J&rsquo;avais d\u00e9j\u00e0 cette possibilit\u00e9 sur mon Canon 5Dmkii et Magic lantern. <strong>Les bagues sont bien s\u00fbr possible<\/strong> afin d&rsquo;y voir plus pr\u00eat, et pour le prix d&rsquo;une bague <strong>y&rsquo;a pas \u00e0 h\u00e9siter!<\/strong> J&rsquo;ai pu quand m\u00eame remarquer un <strong>Af qui h\u00e9site sur les sujets pas super contrast\u00e9s<\/strong> et qui pour le coup <strong>fait des aller-retour voir des \u00e0 coups de recherches pas tr\u00e8s agr\u00e9able<\/strong>. Il faut donc <strong>faire une pr\u00e9-map avant<\/strong>, c&rsquo;est pr\u00e9f\u00e9rable!<\/p>\n\n\n\n<p>Pour le portrait, le  <strong>Canon 100 F2.8 IS L<\/strong> <strong>Macro est incroyable de piqu\u00e9<\/strong> (presque trop&#8230; votre sujet pourrait se plaindre d&rsquo;une nettet\u00e9 et d&rsquo;une pr\u00e9cision \u00e0 couper au couteau) <strong>L&rsquo;af pour le portrait, paysage ect&#8230; est rapide est pr\u00e9cis<\/strong>. Ce qui est rare sur ce genre d&rsquo;objectif.<\/p>\n\n\n\n<p> <strong>Bient\u00f4t, je rajouterais l&rsquo;essais avec l&rsquo;adaptateur Viltrox Efm II qui permet de retrouver (plus ou moins) la focale plein format en multipliant la focale x0.71 gr\u00e2ce \u00e0 une lentille interne. <\/strong><\/p>\n\n\n\n<figure data-wp-context=\"{&quot;imageId&quot;:&quot;69f764bf74067&quot;}\" data-wp-interactive=\"core\/image\" data-wp-key=\"69f764bf74067\" class=\"wp-block-image size-large wp-lightbox-container\"><img loading=\"lazy\" decoding=\"async\" width=\"2000\" height=\"1378\" data-wp-class--hide=\"state.isContentHidden\" data-wp-class--show=\"state.isContentVisible\" data-wp-init=\"callbacks.setButtonStyles\" data-wp-on--click=\"actions.showLightbox\" data-wp-on--load=\"callbacks.setButtonStyles\" data-wp-on-window--resize=\"callbacks.setButtonStyles\" src=\"https:\/\/www.visionlarge.ch\/Blog\/wp-content\/uploads\/Coccinelle-2000x1378.jpg\" alt=\"\" class=\"wp-image-6868\" srcset=\"https:\/\/www.visionlarge.ch\/Blog\/wp-content\/uploads\/Coccinelle-2000x1378.jpg 2000w, https:\/\/www.visionlarge.ch\/Blog\/wp-content\/uploads\/Coccinelle-600x413.jpg 600w, https:\/\/www.visionlarge.ch\/Blog\/wp-content\/uploads\/Coccinelle-300x207.jpg 300w, https:\/\/www.visionlarge.ch\/Blog\/wp-content\/uploads\/Coccinelle-150x103.jpg 150w, https:\/\/www.visionlarge.ch\/Blog\/wp-content\/uploads\/Coccinelle-768x529.jpg 768w, https:\/\/www.visionlarge.ch\/Blog\/wp-content\/uploads\/Coccinelle-1536x1058.jpg 1536w, https:\/\/www.visionlarge.ch\/Blog\/wp-content\/uploads\/Coccinelle-2048x1411.jpg 2048w\" sizes=\"auto, (max-width: 2000px) 100vw, 2000px\" \/><button\n\t\t\tclass=\"lightbox-trigger\"\n\t\t\ttype=\"button\"\n\t\t\taria-haspopup=\"dialog\"\n\t\t\taria-label=\"Agrandir\"\n\t\t\tdata-wp-init=\"callbacks.initTriggerButton\"\n\t\t\tdata-wp-on--click=\"actions.showLightbox\"\n\t\t\tdata-wp-style--right=\"state.imageButtonRight\"\n\t\t\tdata-wp-style--top=\"state.imageButtonTop\"\n\t\t>\n\t\t\t<svg xmlns=\"http:\/\/www.w3.org\/2000\/svg\" width=\"12\" height=\"12\" fill=\"none\" viewBox=\"0 0 12 12\">\n\t\t\t\t<path fill=\"#fff\" d=\"M2 0a2 2 0 0 0-2 2v2h1.5V2a.5.5 0 0 1 .5-.5h2V0H2Zm2 10.5H2a.5.5 0 0 1-.5-.5V8H0v2a2 2 0 0 0 2 2h2v-1.5ZM8 12v-1.5h2a.5.5 0 0 0 .5-.5V8H12v2a2 2 0 0 1-2 2H8Zm2-12a2 2 0 0 1 2 2v2h-1.5V2a.5.5 0 0 0-.5-.5H8V0h2Z\" \/>\n\t\t\t<\/svg>\n\t\t<\/button><figcaption class=\"wp-element-caption\">Canon EOS M et Canon 100 F2.8 L IS<\/figcaption><\/figure>\n\n\n\n<h2 class=\"wp-block-heading\"><strong>Conclusion<\/strong><\/h2>\n\n\n\n<p>La conclusion est simple. <strong>Le M50 est un appareil pratique et performant<\/strong> pour l&rsquo;amateur ou m\u00eame le pro qui voudrait <strong>\u00eatre l\u00e9ger<\/strong>. Il a bien sur quelques petits d\u00e9fauts qu&rsquo;on met vite de c\u00f4t\u00e9.<\/p>\n\n\n\n<p><strong>La qualit\u00e9 d&rsquo;image du Canon M50 est juste bluffante et sa compacit\u00e9 permet de l&#8217;emporter partout!<\/strong> Il passe beaucoup de temps dans mon petit sac de ville ou dans mon sac de VTT. C&rsquo;est le compagnon id\u00e9al sans trop de compromis sur la qualit\u00e9. <strong>Dommage juste \u00e0 l&rsquo;autonomie<\/strong> un peu basse des batteries qui demande un achat suppl\u00e9mentaire de batteries. On est loin des 1000 clich\u00e9s de mon vieux 5dii.<\/p>\n\n\n\n<p><strong>Les petites optiques 11-22, 15-45, 22 et 32f1.4, 55-200 sont plus que suffisantes afin d&rsquo;immortaliser la vie urbaine ou les paysages qui se livreront \u00e0 vous<\/strong> lors de vos excursions et vos promenades! Et tout \u00e7a pour <strong>un prix super attractif!<\/strong> Et surtout \u00e0 un sac ultra l\u00e9ger et a un \u00e9ventuel tr\u00e9pied qui pourra lui aussi \u00eatre ultra l\u00e9ger! (je ne parle pas des filtres qui seront entre le diam\u00e8tre 49 et 55&#8230; Bien moins cher que les filtres de 77&#8230;voir 82&#8230; )<\/p>\n\n\n\n<p>Pour ceux qui voudront jouer avec des optiques fixes de belles qualit\u00e9s en poss\u00e9dant de grandes ouvertures, le trio optiques de <a href=\"https:\/\/www.visionlarge.ch\/Blog\/sigma-efm\/\">Sigma 16,30 et 56<\/a> sera parfaitement les contenter d&rsquo;une qualit\u00e9 sup\u00e9rieur.<\/p>\n\n\n\n<p>N&rsquo;h\u00e9sitez pas \u00e0 me poser des questions! si je peux j&rsquo;y r\u00e9pondrais!<\/p>\n\n\n\n<p>Et si le M50 est toujours trop gros, il y a le petit <a href=\"https:\/\/www.visionlarge.ch\/Blog\/essais-avis-canon-g7x-mkii\/\"><strong>G7Xmkii<\/strong><\/a> ! Et le 3 est m\u00eame sorti encore meilleur!<\/p>\n\n\n\n<p><a href=\"https:\/\/www.visionlarge.ch\/Blog\/eos-m50-le-plaisir-du-leger\/\">Vous pouvez lire aussi. M50, le plaisir du l\u00e9ger ICI.<\/a><\/p>\n\n\n\n<p>Salutations!<\/p>\n\n\n\n<p><strong>Quelques images faites avec mes optiques Efm et EF<\/strong><\/p>\n","protected":false},"excerpt":{"rendered":"<p>Cela faisait un moment que je cherchais un petit appareil qui me permettrais d&rsquo;\u00eatre plus l\u00e9ger sans avoir trop de compromis sur la qualit\u00e9. Je suis pass\u00e9 par la marque Fujifilm et son X100T, mais le capteur de 16Mpx, le 23mm unique et la colorim\u00e9trie ne m&rsquo;ont pas vraiment plus.&#8230;<\/p>\n<div class=\"more-link-wrapper\"><a class=\"more-link\" href=\"https:\/\/www.visionlarge.ch\/Blog\/le-canon-m50\/\">La suite? C&#039;est par l\u00e0!<span class=\"screen-reader-text\">LE CANON M50.<\/span><\/a><\/div>\n","protected":false},"author":1,"featured_media":4620,"comment_status":"open","ping_status":"open","sticky":false,"template":"","format":"standard","meta":{"footnotes":""},"categories":[5],"tags":[27,119,609,545,539,434,803,435,300,98,763],"class_list":["post-4492","post","type-post","status-publish","format-standard","has-post-thumbnail","hentry","category-tests-materiels","tag-avis","tag-canon","tag-canon-11-22","tag-canon-15-45-stm","tag-canon-eos-m50","tag-dslr","tag-essais-canon-eos-m50","tag-hybride","tag-m50","tag-test","tag-test-du-eos-m50","excerpt","zoom","full-without-featured","even","excerpt-0"],"yoast_head":"<!-- This site is optimized with the Yoast SEO plugin v27.5 - https:\/\/yoast.com\/product\/yoast-seo-wordpress\/ -->\n<title>LE CANON M50. &#8212; Visionlarge.ch Tests mat\u00e9riels<\/title>\n<meta name=\"description\" content=\"Visionlarge.ch . Mon petit compte rendu du Canon M50 Efm. Appareil \u00e0 prix attractif, l\u00e9ger et perfomant. Un vrai baroudeur\" \/>\n<meta name=\"robots\" content=\"index, follow, max-snippet:-1, max-image-preview:large, max-video-preview:-1\" \/>\n<link rel=\"canonical\" href=\"https:\/\/www.visionlarge.ch\/Blog\/le-canon-m50\/\" \/>\n<meta property=\"og:locale\" content=\"fr_FR\" \/>\n<meta property=\"og:type\" content=\"article\" \/>\n<meta property=\"og:title\" content=\"LE CANON M50. &#8212; Visionlarge.ch Tests mat\u00e9riels\" \/>\n<meta property=\"og:url\" content=\"https:\/\/www.visionlarge.ch\/Blog\/le-canon-m50\/\" \/>\n<meta property=\"og:site_name\" content=\"Visionlarge.ch\" \/>\n<meta property=\"article:published_time\" content=\"2019-06-21T18:47:29+00:00\" \/>\n<meta property=\"article:modified_time\" content=\"2026-03-29T20:08:08+00:00\" \/>\n<meta property=\"og:image\" content=\"https:\/\/www.visionlarge.ch\/Blog\/wp-content\/uploads\/01.jpeg\" \/>\n\t<meta property=\"og:image:width\" content=\"800\" \/>\n\t<meta property=\"og:image:height\" content=\"505\" \/>\n\t<meta property=\"og:image:type\" content=\"image\/jpeg\" \/>\n<meta name=\"author\" content=\"Visionlarge\" \/>\n<meta name=\"twitter:card\" content=\"summary_large_image\" \/>\n<meta name=\"twitter:creator\" content=\"@visionlarge\" \/>\n<meta name=\"twitter:site\" content=\"@visionlarge\" \/>\n<meta name=\"twitter:label1\" content=\"\u00c9crit par\" \/>\n\t<meta name=\"twitter:data1\" content=\"Visionlarge\" \/>\n\t<meta name=\"twitter:label2\" content=\"Dur\u00e9e de lecture estim\u00e9e\" \/>\n\t<meta name=\"twitter:data2\" content=\"20 minutes\" \/>\n<script type=\"application\/ld+json\" class=\"yoast-schema-graph\">{\"@context\":\"https:\\\/\\\/schema.org\",\"@graph\":[{\"@type\":\"Article\",\"@id\":\"https:\\\/\\\/www.visionlarge.ch\\\/Blog\\\/le-canon-m50\\\/#article\",\"isPartOf\":{\"@id\":\"https:\\\/\\\/www.visionlarge.ch\\\/Blog\\\/le-canon-m50\\\/\"},\"author\":{\"name\":\"Visionlarge\",\"@id\":\"https:\\\/\\\/www.visionlarge.ch\\\/Blog\\\/#\\\/schema\\\/person\\\/b1280adcf8dd414efb101660dca80274\"},\"headline\":\"LE CANON M50.\",\"datePublished\":\"2019-06-21T18:47:29+00:00\",\"dateModified\":\"2026-03-29T20:08:08+00:00\",\"mainEntityOfPage\":{\"@id\":\"https:\\\/\\\/www.visionlarge.ch\\\/Blog\\\/le-canon-m50\\\/\"},\"wordCount\":3510,\"commentCount\":61,\"publisher\":{\"@id\":\"https:\\\/\\\/www.visionlarge.ch\\\/Blog\\\/#\\\/schema\\\/person\\\/b1280adcf8dd414efb101660dca80274\"},\"image\":{\"@id\":\"https:\\\/\\\/www.visionlarge.ch\\\/Blog\\\/le-canon-m50\\\/#primaryimage\"},\"thumbnailUrl\":\"https:\\\/\\\/www.visionlarge.ch\\\/Blog\\\/wp-content\\\/uploads\\\/01.jpeg\",\"keywords\":[\"avis\",\"canon\",\"canon 11-22\",\"Canon 15-45 STM\",\"Canon EOS M50\",\"dslr\",\"Essais Canon Eos m50\",\"hybride\",\"m50\",\"test\",\"test du EOS M50\"],\"articleSection\":[\"Tests mat\u00e9riels\"],\"inLanguage\":\"fr-FR\",\"potentialAction\":[{\"@type\":\"CommentAction\",\"name\":\"Comment\",\"target\":[\"https:\\\/\\\/www.visionlarge.ch\\\/Blog\\\/le-canon-m50\\\/#respond\"]}]},{\"@type\":\"WebPage\",\"@id\":\"https:\\\/\\\/www.visionlarge.ch\\\/Blog\\\/le-canon-m50\\\/\",\"url\":\"https:\\\/\\\/www.visionlarge.ch\\\/Blog\\\/le-canon-m50\\\/\",\"name\":\"LE CANON M50. &#8212; Visionlarge.ch Tests mat\u00e9riels\",\"isPartOf\":{\"@id\":\"https:\\\/\\\/www.visionlarge.ch\\\/Blog\\\/#website\"},\"primaryImageOfPage\":{\"@id\":\"https:\\\/\\\/www.visionlarge.ch\\\/Blog\\\/le-canon-m50\\\/#primaryimage\"},\"image\":{\"@id\":\"https:\\\/\\\/www.visionlarge.ch\\\/Blog\\\/le-canon-m50\\\/#primaryimage\"},\"thumbnailUrl\":\"https:\\\/\\\/www.visionlarge.ch\\\/Blog\\\/wp-content\\\/uploads\\\/01.jpeg\",\"datePublished\":\"2019-06-21T18:47:29+00:00\",\"dateModified\":\"2026-03-29T20:08:08+00:00\",\"description\":\"Visionlarge.ch . Mon petit compte rendu du Canon M50 Efm. Appareil \u00e0 prix attractif, l\u00e9ger et perfomant. Un vrai baroudeur\",\"breadcrumb\":{\"@id\":\"https:\\\/\\\/www.visionlarge.ch\\\/Blog\\\/le-canon-m50\\\/#breadcrumb\"},\"inLanguage\":\"fr-FR\",\"potentialAction\":[{\"@type\":\"ReadAction\",\"target\":[\"https:\\\/\\\/www.visionlarge.ch\\\/Blog\\\/le-canon-m50\\\/\"]}]},{\"@type\":\"ImageObject\",\"inLanguage\":\"fr-FR\",\"@id\":\"https:\\\/\\\/www.visionlarge.ch\\\/Blog\\\/le-canon-m50\\\/#primaryimage\",\"url\":\"https:\\\/\\\/www.visionlarge.ch\\\/Blog\\\/wp-content\\\/uploads\\\/01.jpeg\",\"contentUrl\":\"https:\\\/\\\/www.visionlarge.ch\\\/Blog\\\/wp-content\\\/uploads\\\/01.jpeg\",\"width\":800,\"height\":505,\"caption\":\"m50\"},{\"@type\":\"BreadcrumbList\",\"@id\":\"https:\\\/\\\/www.visionlarge.ch\\\/Blog\\\/le-canon-m50\\\/#breadcrumb\",\"itemListElement\":[{\"@type\":\"ListItem\",\"position\":1,\"name\":\"Accueil\",\"item\":\"https:\\\/\\\/www.visionlarge.ch\\\/Blog\\\/\"},{\"@type\":\"ListItem\",\"position\":2,\"name\":\"LE CANON M50.\"}]},{\"@type\":\"WebSite\",\"@id\":\"https:\\\/\\\/www.visionlarge.ch\\\/Blog\\\/#website\",\"url\":\"https:\\\/\\\/www.visionlarge.ch\\\/Blog\\\/\",\"name\":\"Bovard Alain, mon blog photo\",\"description\":\"C&#039;est toujours plus beau en visionlarge...\",\"publisher\":{\"@id\":\"https:\\\/\\\/www.visionlarge.ch\\\/Blog\\\/#\\\/schema\\\/person\\\/b1280adcf8dd414efb101660dca80274\"},\"alternateName\":\"visionlarge\",\"potentialAction\":[{\"@type\":\"SearchAction\",\"target\":{\"@type\":\"EntryPoint\",\"urlTemplate\":\"https:\\\/\\\/www.visionlarge.ch\\\/Blog\\\/?s={search_term_string}\"},\"query-input\":{\"@type\":\"PropertyValueSpecification\",\"valueRequired\":true,\"valueName\":\"search_term_string\"}}],\"inLanguage\":\"fr-FR\"},{\"@type\":[\"Person\",\"Organization\"],\"@id\":\"https:\\\/\\\/www.visionlarge.ch\\\/Blog\\\/#\\\/schema\\\/person\\\/b1280adcf8dd414efb101660dca80274\",\"name\":\"Visionlarge\",\"image\":{\"@type\":\"ImageObject\",\"inLanguage\":\"fr-FR\",\"@id\":\"https:\\\/\\\/secure.gravatar.com\\\/avatar\\\/5a4cf7a2f94117044ce51a4d732d4e9e02f76cc87fa0508945a18215c8a0613b?s=96&d=mm&r=g\",\"url\":\"https:\\\/\\\/secure.gravatar.com\\\/avatar\\\/5a4cf7a2f94117044ce51a4d732d4e9e02f76cc87fa0508945a18215c8a0613b?s=96&d=mm&r=g\",\"contentUrl\":\"https:\\\/\\\/secure.gravatar.com\\\/avatar\\\/5a4cf7a2f94117044ce51a4d732d4e9e02f76cc87fa0508945a18215c8a0613b?s=96&d=mm&r=g\",\"caption\":\"Visionlarge\"},\"logo\":{\"@id\":\"https:\\\/\\\/secure.gravatar.com\\\/avatar\\\/5a4cf7a2f94117044ce51a4d732d4e9e02f76cc87fa0508945a18215c8a0613b?s=96&d=mm&r=g\"},\"sameAs\":[\"http:\\\/\\\/www.visionlarge.ch\\\/Blog\"],\"url\":\"https:\\\/\\\/www.visionlarge.ch\\\/Blog\\\/author\\\/abovard\\\/\"}]}<\/script>\n<!-- \/ Yoast SEO plugin. -->","yoast_head_json":{"title":"LE CANON M50. &#8212; Visionlarge.ch Tests mat\u00e9riels","description":"Visionlarge.ch . Mon petit compte rendu du Canon M50 Efm. Appareil \u00e0 prix attractif, l\u00e9ger et perfomant. Un vrai baroudeur","robots":{"index":"index","follow":"follow","max-snippet":"max-snippet:-1","max-image-preview":"max-image-preview:large","max-video-preview":"max-video-preview:-1"},"canonical":"https:\/\/www.visionlarge.ch\/Blog\/le-canon-m50\/","og_locale":"fr_FR","og_type":"article","og_title":"LE CANON M50. &#8212; Visionlarge.ch Tests mat\u00e9riels","og_url":"https:\/\/www.visionlarge.ch\/Blog\/le-canon-m50\/","og_site_name":"Visionlarge.ch","article_published_time":"2019-06-21T18:47:29+00:00","article_modified_time":"2026-03-29T20:08:08+00:00","og_image":[{"width":800,"height":505,"url":"https:\/\/www.visionlarge.ch\/Blog\/wp-content\/uploads\/01.jpeg","type":"image\/jpeg"}],"author":"Visionlarge","twitter_card":"summary_large_image","twitter_creator":"@visionlarge","twitter_site":"@visionlarge","twitter_misc":{"\u00c9crit par":"Visionlarge","Dur\u00e9e de lecture estim\u00e9e":"20 minutes"},"schema":{"@context":"https:\/\/schema.org","@graph":[{"@type":"Article","@id":"https:\/\/www.visionlarge.ch\/Blog\/le-canon-m50\/#article","isPartOf":{"@id":"https:\/\/www.visionlarge.ch\/Blog\/le-canon-m50\/"},"author":{"name":"Visionlarge","@id":"https:\/\/www.visionlarge.ch\/Blog\/#\/schema\/person\/b1280adcf8dd414efb101660dca80274"},"headline":"LE CANON M50.","datePublished":"2019-06-21T18:47:29+00:00","dateModified":"2026-03-29T20:08:08+00:00","mainEntityOfPage":{"@id":"https:\/\/www.visionlarge.ch\/Blog\/le-canon-m50\/"},"wordCount":3510,"commentCount":61,"publisher":{"@id":"https:\/\/www.visionlarge.ch\/Blog\/#\/schema\/person\/b1280adcf8dd414efb101660dca80274"},"image":{"@id":"https:\/\/www.visionlarge.ch\/Blog\/le-canon-m50\/#primaryimage"},"thumbnailUrl":"https:\/\/www.visionlarge.ch\/Blog\/wp-content\/uploads\/01.jpeg","keywords":["avis","canon","canon 11-22","Canon 15-45 STM","Canon EOS M50","dslr","Essais Canon Eos m50","hybride","m50","test","test du EOS M50"],"articleSection":["Tests mat\u00e9riels"],"inLanguage":"fr-FR","potentialAction":[{"@type":"CommentAction","name":"Comment","target":["https:\/\/www.visionlarge.ch\/Blog\/le-canon-m50\/#respond"]}]},{"@type":"WebPage","@id":"https:\/\/www.visionlarge.ch\/Blog\/le-canon-m50\/","url":"https:\/\/www.visionlarge.ch\/Blog\/le-canon-m50\/","name":"LE CANON M50. &#8212; Visionlarge.ch Tests mat\u00e9riels","isPartOf":{"@id":"https:\/\/www.visionlarge.ch\/Blog\/#website"},"primaryImageOfPage":{"@id":"https:\/\/www.visionlarge.ch\/Blog\/le-canon-m50\/#primaryimage"},"image":{"@id":"https:\/\/www.visionlarge.ch\/Blog\/le-canon-m50\/#primaryimage"},"thumbnailUrl":"https:\/\/www.visionlarge.ch\/Blog\/wp-content\/uploads\/01.jpeg","datePublished":"2019-06-21T18:47:29+00:00","dateModified":"2026-03-29T20:08:08+00:00","description":"Visionlarge.ch . Mon petit compte rendu du Canon M50 Efm. Appareil \u00e0 prix attractif, l\u00e9ger et perfomant. Un vrai baroudeur","breadcrumb":{"@id":"https:\/\/www.visionlarge.ch\/Blog\/le-canon-m50\/#breadcrumb"},"inLanguage":"fr-FR","potentialAction":[{"@type":"ReadAction","target":["https:\/\/www.visionlarge.ch\/Blog\/le-canon-m50\/"]}]},{"@type":"ImageObject","inLanguage":"fr-FR","@id":"https:\/\/www.visionlarge.ch\/Blog\/le-canon-m50\/#primaryimage","url":"https:\/\/www.visionlarge.ch\/Blog\/wp-content\/uploads\/01.jpeg","contentUrl":"https:\/\/www.visionlarge.ch\/Blog\/wp-content\/uploads\/01.jpeg","width":800,"height":505,"caption":"m50"},{"@type":"BreadcrumbList","@id":"https:\/\/www.visionlarge.ch\/Blog\/le-canon-m50\/#breadcrumb","itemListElement":[{"@type":"ListItem","position":1,"name":"Accueil","item":"https:\/\/www.visionlarge.ch\/Blog\/"},{"@type":"ListItem","position":2,"name":"LE CANON M50."}]},{"@type":"WebSite","@id":"https:\/\/www.visionlarge.ch\/Blog\/#website","url":"https:\/\/www.visionlarge.ch\/Blog\/","name":"Bovard Alain, mon blog photo","description":"C&#039;est toujours plus beau en visionlarge...","publisher":{"@id":"https:\/\/www.visionlarge.ch\/Blog\/#\/schema\/person\/b1280adcf8dd414efb101660dca80274"},"alternateName":"visionlarge","potentialAction":[{"@type":"SearchAction","target":{"@type":"EntryPoint","urlTemplate":"https:\/\/www.visionlarge.ch\/Blog\/?s={search_term_string}"},"query-input":{"@type":"PropertyValueSpecification","valueRequired":true,"valueName":"search_term_string"}}],"inLanguage":"fr-FR"},{"@type":["Person","Organization"],"@id":"https:\/\/www.visionlarge.ch\/Blog\/#\/schema\/person\/b1280adcf8dd414efb101660dca80274","name":"Visionlarge","image":{"@type":"ImageObject","inLanguage":"fr-FR","@id":"https:\/\/secure.gravatar.com\/avatar\/5a4cf7a2f94117044ce51a4d732d4e9e02f76cc87fa0508945a18215c8a0613b?s=96&d=mm&r=g","url":"https:\/\/secure.gravatar.com\/avatar\/5a4cf7a2f94117044ce51a4d732d4e9e02f76cc87fa0508945a18215c8a0613b?s=96&d=mm&r=g","contentUrl":"https:\/\/secure.gravatar.com\/avatar\/5a4cf7a2f94117044ce51a4d732d4e9e02f76cc87fa0508945a18215c8a0613b?s=96&d=mm&r=g","caption":"Visionlarge"},"logo":{"@id":"https:\/\/secure.gravatar.com\/avatar\/5a4cf7a2f94117044ce51a4d732d4e9e02f76cc87fa0508945a18215c8a0613b?s=96&d=mm&r=g"},"sameAs":["http:\/\/www.visionlarge.ch\/Blog"],"url":"https:\/\/www.visionlarge.ch\/Blog\/author\/abovard\/"}]}},"_links":{"self":[{"href":"https:\/\/www.visionlarge.ch\/Blog\/wp-json\/wp\/v2\/posts\/4492","targetHints":{"allow":["GET"]}}],"collection":[{"href":"https:\/\/www.visionlarge.ch\/Blog\/wp-json\/wp\/v2\/posts"}],"about":[{"href":"https:\/\/www.visionlarge.ch\/Blog\/wp-json\/wp\/v2\/types\/post"}],"author":[{"embeddable":true,"href":"https:\/\/www.visionlarge.ch\/Blog\/wp-json\/wp\/v2\/users\/1"}],"replies":[{"embeddable":true,"href":"https:\/\/www.visionlarge.ch\/Blog\/wp-json\/wp\/v2\/comments?post=4492"}],"version-history":[{"count":48,"href":"https:\/\/www.visionlarge.ch\/Blog\/wp-json\/wp\/v2\/posts\/4492\/revisions"}],"predecessor-version":[{"id":11837,"href":"https:\/\/www.visionlarge.ch\/Blog\/wp-json\/wp\/v2\/posts\/4492\/revisions\/11837"}],"wp:featuredmedia":[{"embeddable":true,"href":"https:\/\/www.visionlarge.ch\/Blog\/wp-json\/wp\/v2\/media\/4620"}],"wp:attachment":[{"href":"https:\/\/www.visionlarge.ch\/Blog\/wp-json\/wp\/v2\/media?parent=4492"}],"wp:term":[{"taxonomy":"category","embeddable":true,"href":"https:\/\/www.visionlarge.ch\/Blog\/wp-json\/wp\/v2\/categories?post=4492"},{"taxonomy":"post_tag","embeddable":true,"href":"https:\/\/www.visionlarge.ch\/Blog\/wp-json\/wp\/v2\/tags?post=4492"}],"curies":[{"name":"wp","href":"https:\/\/api.w.org\/{rel}","templated":true}]}}