{"id":4439,"date":"2019-01-02T17:30:12","date_gmt":"2019-01-02T16:30:12","guid":{"rendered":"http:\/\/www.visionlarge.ch\/Blog\/?p=4439"},"modified":"2024-02-15T11:59:04","modified_gmt":"2024-02-15T10:59:04","slug":"assemblage-de-photos-photos-stitching","status":"publish","type":"post","link":"https:\/\/www.visionlarge.ch\/Blog\/assemblage-de-photos-photos-stitching\/","title":{"rendered":"Assemblage de photos. Photos Stitching."},"content":{"rendered":"\n<p class=\"has-drop-cap\">Depuis quelques mois, comme je l&rsquo;ai mentionn\u00e9 ici, le software de Kolor, Autopano Pro n&rsquo;est actuellement plus \u00e0 la vente&#8230; encore quelques moins probablement avant que le site de Kolor disparaissent et quelques mois voir une ann\u00e9e avant peut-\u00eatre qu&rsquo;il ne soit plus compatible avec la derni\u00e8re version de notre cher OS ou Windows&#8230;<\/p>\n\n\n\n<p>Il va falloir donc regarder un peu d&rsquo;autres possibilit\u00e9s, afin de n&rsquo;\u00eatre pas pris au d\u00e9pourvus lorsque tout cela ne fonctionnera plus&#8230;. Il existe aujourd&rsquo;hui plusieurs softwares qui permettent la fusion d&rsquo;images afin de cr\u00e9er un beau panorama.<\/p>\n\n\n\n<h2 class=\"wp-block-heading\">ADOBE<\/h2>\n\n\n\n<p>Adobe l&rsquo;a int\u00e9gr\u00e9 dans ses applications Lightroom et Photoshop. La version Lightroom est un peu moins pointue que la version de Photoshop appel\u00e9e Photomerge.<\/p>\n\n\n\n<p>La version de Lightroom est tr\u00e8s simple mais tr\u00e8s efficace. Elle suffira pour la plupart des panoramas simples. Elle assemble facilement les panoramas et permet de faire autant des cylindriques que des panoramas sph\u00e9riques. Elle supporte de plus le bracketing de photos pour des panoramas HDR. Si vous disposez de Lightroom pourquoi s&rsquo;en priver!<\/p>\n\n\n\n<figure class=\"wp-block-image size-full\"><a href=\"https:\/\/www.visionlarge.ch\/Blog\/wp-content\/uploads\/Capture-d\u2019\u00e9cran-2019-01-02-\u00e0-17.42.46.jpg\"><img loading=\"lazy\" decoding=\"async\" width=\"2300\" height=\"1278\" src=\"https:\/\/www.visionlarge.ch\/Blog\/wp-content\/uploads\/Capture-d\u2019\u00e9cran-2019-01-02-\u00e0-17.42.46.jpg\" alt=\"Stitching\" class=\"wp-image-4465\" srcset=\"https:\/\/www.visionlarge.ch\/Blog\/wp-content\/uploads\/Capture-d\u2019\u00e9cran-2019-01-02-\u00e0-17.42.46.jpg 2300w, https:\/\/www.visionlarge.ch\/Blog\/wp-content\/uploads\/Capture-d\u2019\u00e9cran-2019-01-02-\u00e0-17.42.46-600x333.jpg 600w, https:\/\/www.visionlarge.ch\/Blog\/wp-content\/uploads\/Capture-d\u2019\u00e9cran-2019-01-02-\u00e0-17.42.46-150x83.jpg 150w, https:\/\/www.visionlarge.ch\/Blog\/wp-content\/uploads\/Capture-d\u2019\u00e9cran-2019-01-02-\u00e0-17.42.46-300x167.jpg 300w, https:\/\/www.visionlarge.ch\/Blog\/wp-content\/uploads\/Capture-d\u2019\u00e9cran-2019-01-02-\u00e0-17.42.46-768x427.jpg 768w, https:\/\/www.visionlarge.ch\/Blog\/wp-content\/uploads\/Capture-d\u2019\u00e9cran-2019-01-02-\u00e0-17.42.46-2000x1111.jpg 2000w\" sizes=\"auto, (max-width: 2300px) 100vw, 2300px\" \/><\/a><\/figure>\n\n\n\n<p>La version de Photoshop est un peu plus param\u00e9trable, je n&rsquo;ai pas encore regard\u00e9 dans les d\u00e9tails mais la qualit\u00e9 est probablement identique puisque utilisant \u00ab\u00a0probablement\u00a0\u00bb le m\u00eame moteur de calcul. J&rsquo;ai essay\u00e9 le mode Auto, \u00e7a marche d&rsquo;enfer!<\/p>\n\n\n\n<p>Il faut noter que la version Photomerge de Photoshop permet la visualisation d&rsquo;un sph\u00e9rique directement dans l&rsquo;\u00e9diteur du panorama !<\/p>\n\n\n\n<figure class=\"wp-block-image size-full\"><a href=\"https:\/\/www.visionlarge.ch\/Blog\/wp-content\/uploads\/Capture-d\u2019\u00e9cran-2019-01-02-\u00e0-19.08.50.jpg\"><img loading=\"lazy\" decoding=\"async\" width=\"1760\" height=\"919\" src=\"https:\/\/www.visionlarge.ch\/Blog\/wp-content\/uploads\/Capture-d\u2019\u00e9cran-2019-01-02-\u00e0-19.08.50.jpg\" alt=\"Stitching\" class=\"wp-image-4462\" srcset=\"https:\/\/www.visionlarge.ch\/Blog\/wp-content\/uploads\/Capture-d\u2019\u00e9cran-2019-01-02-\u00e0-19.08.50.jpg 1760w, https:\/\/www.visionlarge.ch\/Blog\/wp-content\/uploads\/Capture-d\u2019\u00e9cran-2019-01-02-\u00e0-19.08.50-600x313.jpg 600w, https:\/\/www.visionlarge.ch\/Blog\/wp-content\/uploads\/Capture-d\u2019\u00e9cran-2019-01-02-\u00e0-19.08.50-150x78.jpg 150w, https:\/\/www.visionlarge.ch\/Blog\/wp-content\/uploads\/Capture-d\u2019\u00e9cran-2019-01-02-\u00e0-19.08.50-300x157.jpg 300w, https:\/\/www.visionlarge.ch\/Blog\/wp-content\/uploads\/Capture-d\u2019\u00e9cran-2019-01-02-\u00e0-19.08.50-768x401.jpg 768w\" sizes=\"auto, (max-width: 1760px) 100vw, 1760px\" \/><\/a><\/figure>\n\n\n\n<p><a href=\"https:\/\/helpx.adobe.com\/ch_fr\/photoshop\/using\/create-panoramic-images-photomerge.html\" target=\"_blank\" rel=\"noreferrer noopener\" aria-label=\"Je vous laisse ici, l'aide sur le site d'Abobe et Photoshop  (s\u2019ouvre dans un nouvel onglet)\">Je vous laisse ici, l&rsquo;aide sur le site d&rsquo;Abobe et Photoshop <\/a><\/p>\n\n\n\n<p>L&rsquo;avantage des ces deux modes de cr\u00e9ations de panorama est finalement la possibilit\u00e9 d&rsquo;utiliser directement le RAW depuis Lightroom et de pouvoir \u00eatre directement dans les logiciels d&rsquo;Adobe.<\/p>\n\n\n\n<h2 class=\"wp-block-heading\">Panorama Stitcher<\/h2>\n\n\n\n<p>Ce petit soft est gratuit jusqu&rsquo;\u00e0 5 images&#8230; c&rsquo;est peu pour un panorama fait en mode Portrait. Mais bien suffisant si vous le faites en mode Paysage! Pas \u00e9norm\u00e9ment d&rsquo;options&#8230; et pas vraiment de correction de d\u00e9formation&#8230; c&rsquo;est un petit soft qui peu sauver. Surtout si vous ne d\u00e9posez pas de Lightroom \ud83d\ude09<\/p>\n\n\n\n<figure class=\"wp-block-image size-full\"><a href=\"https:\/\/www.visionlarge.ch\/Blog\/wp-content\/uploads\/Capture-d\u2019\u00e9cran-2019-01-02-\u00e0-20.00.43.jpg\"><img loading=\"lazy\" decoding=\"async\" width=\"1808\" height=\"998\" src=\"https:\/\/www.visionlarge.ch\/Blog\/wp-content\/uploads\/Capture-d\u2019\u00e9cran-2019-01-02-\u00e0-20.00.43.jpg\" alt=\"Stitching\" class=\"wp-image-4463\" srcset=\"https:\/\/www.visionlarge.ch\/Blog\/wp-content\/uploads\/Capture-d\u2019\u00e9cran-2019-01-02-\u00e0-20.00.43.jpg 1808w, https:\/\/www.visionlarge.ch\/Blog\/wp-content\/uploads\/Capture-d\u2019\u00e9cran-2019-01-02-\u00e0-20.00.43-600x331.jpg 600w, https:\/\/www.visionlarge.ch\/Blog\/wp-content\/uploads\/Capture-d\u2019\u00e9cran-2019-01-02-\u00e0-20.00.43-150x83.jpg 150w, https:\/\/www.visionlarge.ch\/Blog\/wp-content\/uploads\/Capture-d\u2019\u00e9cran-2019-01-02-\u00e0-20.00.43-300x166.jpg 300w, https:\/\/www.visionlarge.ch\/Blog\/wp-content\/uploads\/Capture-d\u2019\u00e9cran-2019-01-02-\u00e0-20.00.43-768x424.jpg 768w\" sizes=\"auto, (max-width: 1808px) 100vw, 1808px\" \/><\/a><\/figure>\n\n\n\n<p>La version compl\u00e8te vous coutera 15.- cela reste correcte !<\/p>\n\n\n\n<h2 class=\"wp-block-heading\">HUGIN<\/h2>\n\n\n\n<p>Hugin 2018 est un software d&rsquo;assemblage gratuit SourceForge. Le soft est tr\u00e8s puissant est permet l&rsquo;assemblage de grand panorama de tout type. Sph\u00e9rique, cylindrique, il est tout au tant performant que PTgui dont il partage de les bases (du moins au d\u00e9but) et qu&rsquo;Autopano Pro qui est pour moi la r\u00e9f\u00e9rence&#8230; jusqu&rsquo;\u00e0 ce qu&rsquo;il disparaisse&#8230;<\/p>\n\n\n\n<p><a rel=\"noreferrer noopener\" aria-label=\"Je laisse jeter un coup d'oeil avec Arnaud (s\u2019ouvre dans un nouvel onglet)\" href=\"https:\/\/www.guide-photo-panoramique.com\/tutoriel-hugin.html\" target=\"_blank\">Je laisse jeter un coup d&rsquo;oeil avec Arnaud<\/a> qui vous expliquera rapidement son utilisation et les petits r\u00e9glages facile afin de faire de beaux panormas&#8230; Gratuitement!<\/p>\n\n\n\n<figure class=\"wp-block-image size-full\"><a href=\"https:\/\/www.visionlarge.ch\/Blog\/wp-content\/uploads\/Capture-d\u2019\u00e9cran-2019-01-02-\u00e0-20.27.29.jpg\"><img loading=\"lazy\" decoding=\"async\" width=\"2236\" height=\"1346\" src=\"https:\/\/www.visionlarge.ch\/Blog\/wp-content\/uploads\/Capture-d\u2019\u00e9cran-2019-01-02-\u00e0-20.27.29.jpg\" alt=\"Stitching\" class=\"wp-image-4464\" srcset=\"https:\/\/www.visionlarge.ch\/Blog\/wp-content\/uploads\/Capture-d\u2019\u00e9cran-2019-01-02-\u00e0-20.27.29.jpg 2236w, https:\/\/www.visionlarge.ch\/Blog\/wp-content\/uploads\/Capture-d\u2019\u00e9cran-2019-01-02-\u00e0-20.27.29-600x361.jpg 600w, https:\/\/www.visionlarge.ch\/Blog\/wp-content\/uploads\/Capture-d\u2019\u00e9cran-2019-01-02-\u00e0-20.27.29-150x90.jpg 150w, https:\/\/www.visionlarge.ch\/Blog\/wp-content\/uploads\/Capture-d\u2019\u00e9cran-2019-01-02-\u00e0-20.27.29-300x181.jpg 300w, https:\/\/www.visionlarge.ch\/Blog\/wp-content\/uploads\/Capture-d\u2019\u00e9cran-2019-01-02-\u00e0-20.27.29-768x462.jpg 768w, https:\/\/www.visionlarge.ch\/Blog\/wp-content\/uploads\/Capture-d\u2019\u00e9cran-2019-01-02-\u00e0-20.27.29-2000x1204.jpg 2000w\" sizes=\"auto, (max-width: 2236px) 100vw, 2236px\" \/><\/a><\/figure>\n\n\n\n<p>Pouvez le t\u00e9l\u00e9charger sur le site de SourceForge. <a rel=\"noreferrer noopener\" aria-label=\"Vous pouvez utiliser ce lien. (s\u2019ouvre dans un nouvel onglet)\" href=\"http:\/\/hugin.sourceforge.net\/download\/\" target=\"_blank\">Vous pouvez utiliser ce lien.<\/a> \ud83d\ude09 N&rsquo;h\u00e9sitez \u00e0 l&rsquo;utiliser, c&rsquo;est un super soft qui demande un peu d&rsquo;exercice mais qui est tr\u00e8s performant!<\/p>\n","protected":false},"excerpt":{"rendered":"<p>Depuis quelques mois, comme je l&rsquo;ai mentionn\u00e9 ici, le software de Kolor, Autopano Pro n&rsquo;est actuellement plus \u00e0 la vente&#8230; encore quelques moins probablement avant que le site de Kolor disparaissent et quelques mois voir une ann\u00e9e avant peut-\u00eatre qu&rsquo;il ne soit plus compatible avec la derni\u00e8re version de notre&#8230;<\/p>\n<div class=\"more-link-wrapper\"><a class=\"more-link\" href=\"https:\/\/www.visionlarge.ch\/Blog\/assemblage-de-photos-photos-stitching\/\">La suite? C&#039;est par l\u00e0!<span class=\"screen-reader-text\">Assemblage de photos. Photos Stitching.<\/span><\/a><\/div>\n","protected":false},"author":1,"featured_media":4462,"comment_status":"open","ping_status":"open","sticky":false,"template":"","format":"standard","meta":{"footnotes":""},"categories":[134],"tags":[897,595],"class_list":["post-4439","post","type-post","status-publish","format-standard","has-post-thumbnail","hentry","category-de-tout-de-rien","tag-assemblage-de-photo","tag-photographie-panoramique","excerpt","zoom","full-without-featured","even","excerpt-0"],"yoast_head":"<!-- This site is optimized with the Yoast SEO plugin v27.5 - https:\/\/yoast.com\/product\/yoast-seo-wordpress\/ -->\n<title>Assemblage de photos. Photos Stitching. &#8212; Visionlarge.ch<\/title>\n<meta name=\"description\" content=\"Visionlarge.ch\" \/>\n<meta name=\"robots\" content=\"index, follow, max-snippet:-1, max-image-preview:large, max-video-preview:-1\" \/>\n<link rel=\"canonical\" href=\"https:\/\/www.visionlarge.ch\/Blog\/assemblage-de-photos-photos-stitching\/\" \/>\n<meta property=\"og:locale\" content=\"fr_FR\" \/>\n<meta property=\"og:type\" content=\"article\" \/>\n<meta property=\"og:title\" content=\"Assemblage de photos. Photos Stitching. &#8212; Visionlarge.ch\" \/>\n<meta property=\"og:url\" content=\"https:\/\/www.visionlarge.ch\/Blog\/assemblage-de-photos-photos-stitching\/\" \/>\n<meta property=\"og:site_name\" content=\"Visionlarge.ch\" \/>\n<meta property=\"article:published_time\" content=\"2019-01-02T16:30:12+00:00\" \/>\n<meta property=\"article:modified_time\" content=\"2024-02-15T10:59:04+00:00\" \/>\n<meta property=\"og:image\" content=\"https:\/\/www.visionlarge.ch\/Blog\/wp-content\/uploads\/Capture-d\u2019\u00e9cran-2019-01-02-\u00e0-19.08.50.jpg\" \/>\n\t<meta property=\"og:image:width\" content=\"1760\" \/>\n\t<meta property=\"og:image:height\" content=\"919\" \/>\n\t<meta property=\"og:image:type\" content=\"image\/jpeg\" \/>\n<meta name=\"author\" content=\"Visionlarge\" \/>\n<meta name=\"twitter:card\" content=\"summary_large_image\" \/>\n<meta name=\"twitter:creator\" content=\"@visionlarge\" \/>\n<meta name=\"twitter:site\" content=\"@visionlarge\" \/>\n<meta name=\"twitter:label1\" content=\"\u00c9crit par\" \/>\n\t<meta name=\"twitter:data1\" content=\"Visionlarge\" \/>\n\t<meta name=\"twitter:label2\" content=\"Dur\u00e9e de lecture estim\u00e9e\" \/>\n\t<meta name=\"twitter:data2\" content=\"4 minutes\" \/>\n<script type=\"application\/ld+json\" class=\"yoast-schema-graph\">{\"@context\":\"https:\\\/\\\/schema.org\",\"@graph\":[{\"@type\":\"Article\",\"@id\":\"https:\\\/\\\/www.visionlarge.ch\\\/Blog\\\/assemblage-de-photos-photos-stitching\\\/#article\",\"isPartOf\":{\"@id\":\"https:\\\/\\\/www.visionlarge.ch\\\/Blog\\\/assemblage-de-photos-photos-stitching\\\/\"},\"author\":{\"name\":\"Visionlarge\",\"@id\":\"https:\\\/\\\/www.visionlarge.ch\\\/Blog\\\/#\\\/schema\\\/person\\\/b1280adcf8dd414efb101660dca80274\"},\"headline\":\"Assemblage de photos. Photos Stitching.\",\"datePublished\":\"2019-01-02T16:30:12+00:00\",\"dateModified\":\"2024-02-15T10:59:04+00:00\",\"mainEntityOfPage\":{\"@id\":\"https:\\\/\\\/www.visionlarge.ch\\\/Blog\\\/assemblage-de-photos-photos-stitching\\\/\"},\"wordCount\":507,\"commentCount\":0,\"publisher\":{\"@id\":\"https:\\\/\\\/www.visionlarge.ch\\\/Blog\\\/#\\\/schema\\\/person\\\/b1280adcf8dd414efb101660dca80274\"},\"image\":{\"@id\":\"https:\\\/\\\/www.visionlarge.ch\\\/Blog\\\/assemblage-de-photos-photos-stitching\\\/#primaryimage\"},\"thumbnailUrl\":\"https:\\\/\\\/www.visionlarge.ch\\\/Blog\\\/wp-content\\\/uploads\\\/Capture-d\u2019\u00e9cran-2019-01-02-\u00e0-19.08.50.jpg\",\"keywords\":[\"assemblage de photo\",\"Photographie panoramique\"],\"articleSection\":[\"De tout de rien...\"],\"inLanguage\":\"fr-FR\",\"potentialAction\":[{\"@type\":\"CommentAction\",\"name\":\"Comment\",\"target\":[\"https:\\\/\\\/www.visionlarge.ch\\\/Blog\\\/assemblage-de-photos-photos-stitching\\\/#respond\"]}]},{\"@type\":\"WebPage\",\"@id\":\"https:\\\/\\\/www.visionlarge.ch\\\/Blog\\\/assemblage-de-photos-photos-stitching\\\/\",\"url\":\"https:\\\/\\\/www.visionlarge.ch\\\/Blog\\\/assemblage-de-photos-photos-stitching\\\/\",\"name\":\"Assemblage de photos. Photos Stitching. &#8212; Visionlarge.ch\",\"isPartOf\":{\"@id\":\"https:\\\/\\\/www.visionlarge.ch\\\/Blog\\\/#website\"},\"primaryImageOfPage\":{\"@id\":\"https:\\\/\\\/www.visionlarge.ch\\\/Blog\\\/assemblage-de-photos-photos-stitching\\\/#primaryimage\"},\"image\":{\"@id\":\"https:\\\/\\\/www.visionlarge.ch\\\/Blog\\\/assemblage-de-photos-photos-stitching\\\/#primaryimage\"},\"thumbnailUrl\":\"https:\\\/\\\/www.visionlarge.ch\\\/Blog\\\/wp-content\\\/uploads\\\/Capture-d\u2019\u00e9cran-2019-01-02-\u00e0-19.08.50.jpg\",\"datePublished\":\"2019-01-02T16:30:12+00:00\",\"dateModified\":\"2024-02-15T10:59:04+00:00\",\"description\":\"Visionlarge.ch\",\"breadcrumb\":{\"@id\":\"https:\\\/\\\/www.visionlarge.ch\\\/Blog\\\/assemblage-de-photos-photos-stitching\\\/#breadcrumb\"},\"inLanguage\":\"fr-FR\",\"potentialAction\":[{\"@type\":\"ReadAction\",\"target\":[\"https:\\\/\\\/www.visionlarge.ch\\\/Blog\\\/assemblage-de-photos-photos-stitching\\\/\"]}]},{\"@type\":\"ImageObject\",\"inLanguage\":\"fr-FR\",\"@id\":\"https:\\\/\\\/www.visionlarge.ch\\\/Blog\\\/assemblage-de-photos-photos-stitching\\\/#primaryimage\",\"url\":\"https:\\\/\\\/www.visionlarge.ch\\\/Blog\\\/wp-content\\\/uploads\\\/Capture-d\u2019\u00e9cran-2019-01-02-\u00e0-19.08.50.jpg\",\"contentUrl\":\"https:\\\/\\\/www.visionlarge.ch\\\/Blog\\\/wp-content\\\/uploads\\\/Capture-d\u2019\u00e9cran-2019-01-02-\u00e0-19.08.50.jpg\",\"width\":1760,\"height\":919,\"caption\":\"Capture d'\u00e9cran\"},{\"@type\":\"BreadcrumbList\",\"@id\":\"https:\\\/\\\/www.visionlarge.ch\\\/Blog\\\/assemblage-de-photos-photos-stitching\\\/#breadcrumb\",\"itemListElement\":[{\"@type\":\"ListItem\",\"position\":1,\"name\":\"Accueil\",\"item\":\"https:\\\/\\\/www.visionlarge.ch\\\/Blog\\\/\"},{\"@type\":\"ListItem\",\"position\":2,\"name\":\"Assemblage de photos. Photos Stitching.\"}]},{\"@type\":\"WebSite\",\"@id\":\"https:\\\/\\\/www.visionlarge.ch\\\/Blog\\\/#website\",\"url\":\"https:\\\/\\\/www.visionlarge.ch\\\/Blog\\\/\",\"name\":\"Bovard Alain, mon blog photo\",\"description\":\"C&#039;est toujours plus beau en visionlarge...\",\"publisher\":{\"@id\":\"https:\\\/\\\/www.visionlarge.ch\\\/Blog\\\/#\\\/schema\\\/person\\\/b1280adcf8dd414efb101660dca80274\"},\"alternateName\":\"visionlarge\",\"potentialAction\":[{\"@type\":\"SearchAction\",\"target\":{\"@type\":\"EntryPoint\",\"urlTemplate\":\"https:\\\/\\\/www.visionlarge.ch\\\/Blog\\\/?s={search_term_string}\"},\"query-input\":{\"@type\":\"PropertyValueSpecification\",\"valueRequired\":true,\"valueName\":\"search_term_string\"}}],\"inLanguage\":\"fr-FR\"},{\"@type\":[\"Person\",\"Organization\"],\"@id\":\"https:\\\/\\\/www.visionlarge.ch\\\/Blog\\\/#\\\/schema\\\/person\\\/b1280adcf8dd414efb101660dca80274\",\"name\":\"Visionlarge\",\"image\":{\"@type\":\"ImageObject\",\"inLanguage\":\"fr-FR\",\"@id\":\"https:\\\/\\\/secure.gravatar.com\\\/avatar\\\/5a4cf7a2f94117044ce51a4d732d4e9e02f76cc87fa0508945a18215c8a0613b?s=96&d=mm&r=g\",\"url\":\"https:\\\/\\\/secure.gravatar.com\\\/avatar\\\/5a4cf7a2f94117044ce51a4d732d4e9e02f76cc87fa0508945a18215c8a0613b?s=96&d=mm&r=g\",\"contentUrl\":\"https:\\\/\\\/secure.gravatar.com\\\/avatar\\\/5a4cf7a2f94117044ce51a4d732d4e9e02f76cc87fa0508945a18215c8a0613b?s=96&d=mm&r=g\",\"caption\":\"Visionlarge\"},\"logo\":{\"@id\":\"https:\\\/\\\/secure.gravatar.com\\\/avatar\\\/5a4cf7a2f94117044ce51a4d732d4e9e02f76cc87fa0508945a18215c8a0613b?s=96&d=mm&r=g\"},\"sameAs\":[\"http:\\\/\\\/www.visionlarge.ch\\\/Blog\"],\"url\":\"https:\\\/\\\/www.visionlarge.ch\\\/Blog\\\/author\\\/abovard\\\/\"}]}<\/script>\n<!-- \/ Yoast SEO plugin. -->","yoast_head_json":{"title":"Assemblage de photos. Photos Stitching. &#8212; Visionlarge.ch","description":"Visionlarge.ch","robots":{"index":"index","follow":"follow","max-snippet":"max-snippet:-1","max-image-preview":"max-image-preview:large","max-video-preview":"max-video-preview:-1"},"canonical":"https:\/\/www.visionlarge.ch\/Blog\/assemblage-de-photos-photos-stitching\/","og_locale":"fr_FR","og_type":"article","og_title":"Assemblage de photos. Photos Stitching. &#8212; Visionlarge.ch","og_url":"https:\/\/www.visionlarge.ch\/Blog\/assemblage-de-photos-photos-stitching\/","og_site_name":"Visionlarge.ch","article_published_time":"2019-01-02T16:30:12+00:00","article_modified_time":"2024-02-15T10:59:04+00:00","og_image":[{"width":1760,"height":919,"url":"https:\/\/www.visionlarge.ch\/Blog\/wp-content\/uploads\/Capture-d\u2019\u00e9cran-2019-01-02-\u00e0-19.08.50.jpg","type":"image\/jpeg"}],"author":"Visionlarge","twitter_card":"summary_large_image","twitter_creator":"@visionlarge","twitter_site":"@visionlarge","twitter_misc":{"\u00c9crit par":"Visionlarge","Dur\u00e9e de lecture estim\u00e9e":"4 minutes"},"schema":{"@context":"https:\/\/schema.org","@graph":[{"@type":"Article","@id":"https:\/\/www.visionlarge.ch\/Blog\/assemblage-de-photos-photos-stitching\/#article","isPartOf":{"@id":"https:\/\/www.visionlarge.ch\/Blog\/assemblage-de-photos-photos-stitching\/"},"author":{"name":"Visionlarge","@id":"https:\/\/www.visionlarge.ch\/Blog\/#\/schema\/person\/b1280adcf8dd414efb101660dca80274"},"headline":"Assemblage de photos. Photos Stitching.","datePublished":"2019-01-02T16:30:12+00:00","dateModified":"2024-02-15T10:59:04+00:00","mainEntityOfPage":{"@id":"https:\/\/www.visionlarge.ch\/Blog\/assemblage-de-photos-photos-stitching\/"},"wordCount":507,"commentCount":0,"publisher":{"@id":"https:\/\/www.visionlarge.ch\/Blog\/#\/schema\/person\/b1280adcf8dd414efb101660dca80274"},"image":{"@id":"https:\/\/www.visionlarge.ch\/Blog\/assemblage-de-photos-photos-stitching\/#primaryimage"},"thumbnailUrl":"https:\/\/www.visionlarge.ch\/Blog\/wp-content\/uploads\/Capture-d\u2019\u00e9cran-2019-01-02-\u00e0-19.08.50.jpg","keywords":["assemblage de photo","Photographie panoramique"],"articleSection":["De tout de rien..."],"inLanguage":"fr-FR","potentialAction":[{"@type":"CommentAction","name":"Comment","target":["https:\/\/www.visionlarge.ch\/Blog\/assemblage-de-photos-photos-stitching\/#respond"]}]},{"@type":"WebPage","@id":"https:\/\/www.visionlarge.ch\/Blog\/assemblage-de-photos-photos-stitching\/","url":"https:\/\/www.visionlarge.ch\/Blog\/assemblage-de-photos-photos-stitching\/","name":"Assemblage de photos. Photos Stitching. &#8212; Visionlarge.ch","isPartOf":{"@id":"https:\/\/www.visionlarge.ch\/Blog\/#website"},"primaryImageOfPage":{"@id":"https:\/\/www.visionlarge.ch\/Blog\/assemblage-de-photos-photos-stitching\/#primaryimage"},"image":{"@id":"https:\/\/www.visionlarge.ch\/Blog\/assemblage-de-photos-photos-stitching\/#primaryimage"},"thumbnailUrl":"https:\/\/www.visionlarge.ch\/Blog\/wp-content\/uploads\/Capture-d\u2019\u00e9cran-2019-01-02-\u00e0-19.08.50.jpg","datePublished":"2019-01-02T16:30:12+00:00","dateModified":"2024-02-15T10:59:04+00:00","description":"Visionlarge.ch","breadcrumb":{"@id":"https:\/\/www.visionlarge.ch\/Blog\/assemblage-de-photos-photos-stitching\/#breadcrumb"},"inLanguage":"fr-FR","potentialAction":[{"@type":"ReadAction","target":["https:\/\/www.visionlarge.ch\/Blog\/assemblage-de-photos-photos-stitching\/"]}]},{"@type":"ImageObject","inLanguage":"fr-FR","@id":"https:\/\/www.visionlarge.ch\/Blog\/assemblage-de-photos-photos-stitching\/#primaryimage","url":"https:\/\/www.visionlarge.ch\/Blog\/wp-content\/uploads\/Capture-d\u2019\u00e9cran-2019-01-02-\u00e0-19.08.50.jpg","contentUrl":"https:\/\/www.visionlarge.ch\/Blog\/wp-content\/uploads\/Capture-d\u2019\u00e9cran-2019-01-02-\u00e0-19.08.50.jpg","width":1760,"height":919,"caption":"Capture d'\u00e9cran"},{"@type":"BreadcrumbList","@id":"https:\/\/www.visionlarge.ch\/Blog\/assemblage-de-photos-photos-stitching\/#breadcrumb","itemListElement":[{"@type":"ListItem","position":1,"name":"Accueil","item":"https:\/\/www.visionlarge.ch\/Blog\/"},{"@type":"ListItem","position":2,"name":"Assemblage de photos. Photos Stitching."}]},{"@type":"WebSite","@id":"https:\/\/www.visionlarge.ch\/Blog\/#website","url":"https:\/\/www.visionlarge.ch\/Blog\/","name":"Bovard Alain, mon blog photo","description":"C&#039;est toujours plus beau en visionlarge...","publisher":{"@id":"https:\/\/www.visionlarge.ch\/Blog\/#\/schema\/person\/b1280adcf8dd414efb101660dca80274"},"alternateName":"visionlarge","potentialAction":[{"@type":"SearchAction","target":{"@type":"EntryPoint","urlTemplate":"https:\/\/www.visionlarge.ch\/Blog\/?s={search_term_string}"},"query-input":{"@type":"PropertyValueSpecification","valueRequired":true,"valueName":"search_term_string"}}],"inLanguage":"fr-FR"},{"@type":["Person","Organization"],"@id":"https:\/\/www.visionlarge.ch\/Blog\/#\/schema\/person\/b1280adcf8dd414efb101660dca80274","name":"Visionlarge","image":{"@type":"ImageObject","inLanguage":"fr-FR","@id":"https:\/\/secure.gravatar.com\/avatar\/5a4cf7a2f94117044ce51a4d732d4e9e02f76cc87fa0508945a18215c8a0613b?s=96&d=mm&r=g","url":"https:\/\/secure.gravatar.com\/avatar\/5a4cf7a2f94117044ce51a4d732d4e9e02f76cc87fa0508945a18215c8a0613b?s=96&d=mm&r=g","contentUrl":"https:\/\/secure.gravatar.com\/avatar\/5a4cf7a2f94117044ce51a4d732d4e9e02f76cc87fa0508945a18215c8a0613b?s=96&d=mm&r=g","caption":"Visionlarge"},"logo":{"@id":"https:\/\/secure.gravatar.com\/avatar\/5a4cf7a2f94117044ce51a4d732d4e9e02f76cc87fa0508945a18215c8a0613b?s=96&d=mm&r=g"},"sameAs":["http:\/\/www.visionlarge.ch\/Blog"],"url":"https:\/\/www.visionlarge.ch\/Blog\/author\/abovard\/"}]}},"_links":{"self":[{"href":"https:\/\/www.visionlarge.ch\/Blog\/wp-json\/wp\/v2\/posts\/4439","targetHints":{"allow":["GET"]}}],"collection":[{"href":"https:\/\/www.visionlarge.ch\/Blog\/wp-json\/wp\/v2\/posts"}],"about":[{"href":"https:\/\/www.visionlarge.ch\/Blog\/wp-json\/wp\/v2\/types\/post"}],"author":[{"embeddable":true,"href":"https:\/\/www.visionlarge.ch\/Blog\/wp-json\/wp\/v2\/users\/1"}],"replies":[{"embeddable":true,"href":"https:\/\/www.visionlarge.ch\/Blog\/wp-json\/wp\/v2\/comments?post=4439"}],"version-history":[{"count":18,"href":"https:\/\/www.visionlarge.ch\/Blog\/wp-json\/wp\/v2\/posts\/4439\/revisions"}],"predecessor-version":[{"id":8205,"href":"https:\/\/www.visionlarge.ch\/Blog\/wp-json\/wp\/v2\/posts\/4439\/revisions\/8205"}],"wp:featuredmedia":[{"embeddable":true,"href":"https:\/\/www.visionlarge.ch\/Blog\/wp-json\/wp\/v2\/media\/4462"}],"wp:attachment":[{"href":"https:\/\/www.visionlarge.ch\/Blog\/wp-json\/wp\/v2\/media?parent=4439"}],"wp:term":[{"taxonomy":"category","embeddable":true,"href":"https:\/\/www.visionlarge.ch\/Blog\/wp-json\/wp\/v2\/categories?post=4439"},{"taxonomy":"post_tag","embeddable":true,"href":"https:\/\/www.visionlarge.ch\/Blog\/wp-json\/wp\/v2\/tags?post=4439"}],"curies":[{"name":"wp","href":"https:\/\/api.w.org\/{rel}","templated":true}]}}