{"id":3116,"date":"2015-12-31T14:05:40","date_gmt":"2015-12-31T13:05:40","guid":{"rendered":"http:\/\/www.visionlarge.ch\/Blog\/?p=3116"},"modified":"2026-01-18T11:26:12","modified_gmt":"2026-01-18T10:26:12","slug":"rayons-de-lumieres-en-foret","status":"publish","type":"post","link":"https:\/\/www.visionlarge.ch\/Blog\/rayons-de-lumieres-en-foret\/","title":{"rendered":"Rayons de lumi\u00e8res en for\u00eat"},"content":{"rendered":"\n<h2 class=\"wp-block-heading\">Rayons de lumi\u00e8res dans les bois sombres de Chamblon<\/h2>\n\n\n\n<p class=\"has-text-align-center\">La brume en ce mois de D\u00e9cembre remplace les flocons de neige normalement pr\u00e9sents. Le brouillard persiste sur la plaine de l&rsquo;Orbe depuis d\u00e9j\u00e0 plusieurs jours emp\u00eachant le soleil d&rsquo;irradier le sol de ses rayons de lumi\u00e8res. Je me d\u00e9cide tout de m\u00eame \u00e0 faire une sortie dans <a href=\"http:\/\/www.visionlarge.ch\/Blog\/couleurs-automne\/\">les bois de Chamblon<\/a> (petite for\u00eat tr\u00e8s sympathique, dont j&rsquo;aime arpenter les petits sentiers). La brume peut-\u00eatre sympa en image, elle instaure un sentiment de peur, d&rsquo;\u00e9nigme, d&rsquo;angoisse\u2026 \u00e7a peut-\u00eatre sympa :-)! avec un peu de chance la brume va descendre un peu, laissant \u00e0 demi recouvert la for\u00eat de son manteau humide.<\/p>\n\n\n\n\n\n\n\n<p class=\"has-text-align-center\">J&rsquo;ai de la chance,&nbsp;les millions de fines gouttelettes en suspension dans l&rsquo;air filtrent avec merveilles les rayons de lumi\u00e8res. La for\u00eat est devenue en quelques minutes d&rsquo;une beaut\u00e9 \u00e0 couper le souffle. Pendant quelques instants, je suis au milieu d&rsquo;une superbe repr\u00e9sentation de la nature.<\/p>\n\n\n\n<p class=\"has-text-align-center\">Le temps passe vite, et la lumi\u00e8re de minutes en minutes s&rsquo;att\u00e9nue. Je dois trouver un endroit sympa pour immortaliser cet instant si intense. Je me souviens d&rsquo;un endroit ou les bois sont tr\u00e8s denses et sombres et qui serait parfait pour une image. J&rsquo;ai de la chance, l&rsquo;endroit est nickel pour ce que je veux r\u00e9aliser.<\/p>\n\n\n\n<p class=\"has-text-align-center\">Canon 5Dmkii, 70-200 F4,&nbsp;Lee 0.9 soft<\/p>\n\n\n<div class=\"wp-block-image\">\n<figure data-wp-context=\"{&quot;imageId&quot;:&quot;69f5834b86bf3&quot;}\" data-wp-interactive=\"core\/image\" data-wp-key=\"69f5834b86bf3\" class=\"aligncenter wp-lightbox-container\"><img loading=\"lazy\" decoding=\"async\" width=\"1482\" height=\"662\" data-wp-class--hide=\"state.isContentHidden\" data-wp-class--show=\"state.isContentVisible\" data-wp-init=\"callbacks.setButtonStyles\" data-wp-on--click=\"actions.showLightbox\" data-wp-on--load=\"callbacks.setButtonStyles\" data-wp-on-window--resize=\"callbacks.setButtonStyles\" src=\"http:\/\/www.visionlarge.ch\/Blog\/wp-content\/uploads\/PanoDansLesBois.jpg\" alt=\"Photo panoramique de la for\u00eat de Chamblon\" class=\"wp-image-3117\" srcset=\"https:\/\/www.visionlarge.ch\/Blog\/wp-content\/uploads\/PanoDansLesBois.jpg 1482w, https:\/\/www.visionlarge.ch\/Blog\/wp-content\/uploads\/PanoDansLesBois-600x268.jpg 600w, https:\/\/www.visionlarge.ch\/Blog\/wp-content\/uploads\/PanoDansLesBois-150x67.jpg 150w, https:\/\/www.visionlarge.ch\/Blog\/wp-content\/uploads\/PanoDansLesBois-300x134.jpg 300w, https:\/\/www.visionlarge.ch\/Blog\/wp-content\/uploads\/PanoDansLesBois-768x343.jpg 768w, https:\/\/www.visionlarge.ch\/Blog\/wp-content\/uploads\/PanoDansLesBois-280x125.jpg 280w, https:\/\/www.visionlarge.ch\/Blog\/wp-content\/uploads\/PanoDansLesBois-660x295.jpg 660w\" sizes=\"auto, (max-width: 1482px) 100vw, 1482px\" \/><button\n\t\t\tclass=\"lightbox-trigger\"\n\t\t\ttype=\"button\"\n\t\t\taria-haspopup=\"dialog\"\n\t\t\taria-label=\"Agrandir\"\n\t\t\tdata-wp-init=\"callbacks.initTriggerButton\"\n\t\t\tdata-wp-on--click=\"actions.showLightbox\"\n\t\t\tdata-wp-style--right=\"state.imageButtonRight\"\n\t\t\tdata-wp-style--top=\"state.imageButtonTop\"\n\t\t>\n\t\t\t<svg xmlns=\"http:\/\/www.w3.org\/2000\/svg\" width=\"12\" height=\"12\" fill=\"none\" viewBox=\"0 0 12 12\">\n\t\t\t\t<path fill=\"#fff\" d=\"M2 0a2 2 0 0 0-2 2v2h1.5V2a.5.5 0 0 1 .5-.5h2V0H2Zm2 10.5H2a.5.5 0 0 1-.5-.5V8H0v2a2 2 0 0 0 2 2h2v-1.5ZM8 12v-1.5h2a.5.5 0 0 0 .5-.5V8H12v2a2 2 0 0 1-2 2H8Zm2-12a2 2 0 0 1 2 2v2h-1.5V2a.5.5 0 0 0-.5-.5H8V0h2Z\" \/>\n\t\t\t<\/svg>\n\t\t<\/button><figcaption class=\"wp-element-caption\">Photo panoramique de la for\u00eat de Chamblon, D\u00e9cembre 2015<\/figcaption><\/figure>\n<\/div>\n\n\n<p class=\"has-text-align-center\">&nbsp; La for\u00eat est magnifique, quelle ambiance! Je ne peux pas en rester et j&rsquo;esp\u00e8re que la brume reste encore quelques minutes.<\/p>\n\n\n\n<p class=\"has-text-align-center\">Je repars de ce premier endroit sur les hauts de la colline afin d&rsquo;essayer de me retrouver \u00e0 l&rsquo;or\u00e9e du brouillard. En marchant le long du bois, la nature me refait un cadeau. Quelques biches sautent sur le sentier \u00e0 quelques m\u00e8tres de moi, me regardent surprises quelques secondes et repartent rapidement dans la v\u00e9g\u00e9tation dense. Ouf, quel instant intense!<\/p>\n\n\n\n<p class=\"has-text-align-center\">Apr\u00e8s quelques minutes de marche, j&rsquo;arrive \u00e0 la sortie de la for\u00eat. Une belle lumi\u00e8re s&rsquo;est install\u00e9e \u00e0 la lisi\u00e8re du bois cr\u00e9ant de beaux rayons de lumi\u00e8res. Je ne peux rater ce beau moment, mais je n&rsquo;ai pas pris de grand angle\u2026 Je me lance alors dans un panorama (oblig\u00e9) haute r\u00e9solution pour \u00e9largir mon angle de vue. Il me faudra finalement 62 vues afin de couvrir ce que je voyais. Mais, je ne regrette pas, une vue au grand angle aurait mis trop en valeur le premier plan et aurait d\u00e9former l&rsquo;image.<\/p>\n\n\n\n<p class=\"has-text-align-center\">Canon 5Dmkii, 70-200 F4, Lee 0.9 soft<\/p>\n\n\n<div class=\"wp-block-image\">\n<figure data-wp-context=\"{&quot;imageId&quot;:&quot;69f5834b8713b&quot;}\" data-wp-interactive=\"core\/image\" data-wp-key=\"69f5834b8713b\" class=\"aligncenter wp-lightbox-container\"><img loading=\"lazy\" decoding=\"async\" width=\"1102\" height=\"1101\" data-wp-class--hide=\"state.isContentHidden\" data-wp-class--show=\"state.isContentVisible\" data-wp-init=\"callbacks.setButtonStyles\" data-wp-on--click=\"actions.showLightbox\" data-wp-on--load=\"callbacks.setButtonStyles\" data-wp-on-window--resize=\"callbacks.setButtonStyles\" src=\"http:\/\/www.visionlarge.ch\/Blog\/wp-content\/uploads\/Brume.jpg\" alt=\"Rayons de lumi\u00e8res\" class=\"wp-image-3118\" srcset=\"https:\/\/www.visionlarge.ch\/Blog\/wp-content\/uploads\/Brume.jpg 1102w, https:\/\/www.visionlarge.ch\/Blog\/wp-content\/uploads\/Brume-300x300.jpg 300w, https:\/\/www.visionlarge.ch\/Blog\/wp-content\/uploads\/Brume-100x100.jpg 100w, https:\/\/www.visionlarge.ch\/Blog\/wp-content\/uploads\/Brume-600x599.jpg 600w, https:\/\/www.visionlarge.ch\/Blog\/wp-content\/uploads\/Brume-150x150.jpg 150w, https:\/\/www.visionlarge.ch\/Blog\/wp-content\/uploads\/Brume-768x767.jpg 768w, https:\/\/www.visionlarge.ch\/Blog\/wp-content\/uploads\/Brume-280x280.jpg 280w, https:\/\/www.visionlarge.ch\/Blog\/wp-content\/uploads\/Brume-660x659.jpg 660w\" sizes=\"auto, (max-width: 1102px) 100vw, 1102px\" \/><button\n\t\t\tclass=\"lightbox-trigger\"\n\t\t\ttype=\"button\"\n\t\t\taria-haspopup=\"dialog\"\n\t\t\taria-label=\"Agrandir\"\n\t\t\tdata-wp-init=\"callbacks.initTriggerButton\"\n\t\t\tdata-wp-on--click=\"actions.showLightbox\"\n\t\t\tdata-wp-style--right=\"state.imageButtonRight\"\n\t\t\tdata-wp-style--top=\"state.imageButtonTop\"\n\t\t>\n\t\t\t<svg xmlns=\"http:\/\/www.w3.org\/2000\/svg\" width=\"12\" height=\"12\" fill=\"none\" viewBox=\"0 0 12 12\">\n\t\t\t\t<path fill=\"#fff\" d=\"M2 0a2 2 0 0 0-2 2v2h1.5V2a.5.5 0 0 1 .5-.5h2V0H2Zm2 10.5H2a.5.5 0 0 1-.5-.5V8H0v2a2 2 0 0 0 2 2h2v-1.5ZM8 12v-1.5h2a.5.5 0 0 0 .5-.5V8H12v2a2 2 0 0 1-2 2H8Zm2-12a2 2 0 0 1 2 2v2h-1.5V2a.5.5 0 0 0-.5-.5H8V0h2Z\" \/>\n\t\t\t<\/svg>\n\t\t<\/button><figcaption class=\"wp-element-caption\">Rayons de lumi\u00e8res \u00e0 l&rsquo;or\u00e9e du bois de Chamblon<\/figcaption><\/figure>\n<\/div>\n\n\n<p class=\"has-text-align-center\">\u00a0<em><strong><span style=\"color: #ff0000;\">Rappel:<\/span>\u00a0<\/strong>Les images sont prot\u00e9g\u00e9es, elles ne sont pas libres de droits. Merci de respecter les droits d\u2019auteurs!\u00a0\u00ae All rights reserved <\/em><\/p>\n\n\n\n<p class=\"has-text-align-center\"><em><span style=\"font-family: POLICE; font-size: 12px;\"><strong><span style=\"color: #ff0000;\">Reminder:<\/span><\/strong>\u00a0Images are protected, they are not free of rights. Thank you to respect the copyright! All rights reserved \u00ae <\/span><\/em><\/p>\n","protected":false},"excerpt":{"rendered":"<p>Rayons de lumi\u00e8res dans les bois sombres de Chamblon La brume en ce mois de D\u00e9cembre remplace les flocons de neige normalement pr\u00e9sents. Le brouillard persiste sur la plaine de l&rsquo;Orbe depuis d\u00e9j\u00e0 plusieurs jours emp\u00eachant le soleil d&rsquo;irradier le sol de ses rayons de lumi\u00e8res. Je me d\u00e9cide tout&#8230;<\/p>\n<div class=\"more-link-wrapper\"><a class=\"more-link\" href=\"https:\/\/www.visionlarge.ch\/Blog\/rayons-de-lumieres-en-foret\/\">La suite? C&#039;est par l\u00e0!<span class=\"screen-reader-text\">Rayons de lumi\u00e8res en for\u00eat<\/span><\/a><\/div>\n","protected":false},"author":1,"featured_media":3117,"comment_status":"open","ping_status":"open","sticky":false,"template":"","format":"standard","meta":{"footnotes":""},"categories":[3],"tags":[],"class_list":["post-3116","post","type-post","status-publish","format-standard","has-post-thumbnail","hentry","category-histoire-dune-image","excerpt","zoom","full-without-featured","even","excerpt-0"],"yoast_head":"<!-- This site is optimized with the Yoast SEO plugin v27.5 - https:\/\/yoast.com\/product\/yoast-seo-wordpress\/ -->\n<title>Rayons de lumi\u00e8res en for\u00eat &#8212; Visionlarge.ch<\/title>\n<meta name=\"description\" content=\"Photographies panoramiques de rayons de lumi\u00e8res dans la for\u00eat de Chamblon dans le canton de Vaud en Suisse. Visionlarge.ch\" \/>\n<meta name=\"robots\" content=\"index, follow, max-snippet:-1, max-image-preview:large, max-video-preview:-1\" \/>\n<link rel=\"canonical\" href=\"https:\/\/www.visionlarge.ch\/Blog\/rayons-de-lumieres-en-foret\/\" \/>\n<meta property=\"og:locale\" content=\"fr_FR\" \/>\n<meta property=\"og:type\" content=\"article\" \/>\n<meta property=\"og:title\" content=\"Rayons de lumi\u00e8res en for\u00eat &#8212; Visionlarge.ch\" \/>\n<meta property=\"og:url\" content=\"https:\/\/www.visionlarge.ch\/Blog\/rayons-de-lumieres-en-foret\/\" \/>\n<meta property=\"og:site_name\" content=\"Visionlarge.ch\" \/>\n<meta property=\"article:published_time\" content=\"2015-12-31T13:05:40+00:00\" \/>\n<meta property=\"article:modified_time\" content=\"2026-01-18T10:26:12+00:00\" \/>\n<meta property=\"og:image\" content=\"https:\/\/www.visionlarge.ch\/Blog\/wp-content\/uploads\/PanoDansLesBois.jpg\" \/>\n\t<meta property=\"og:image:width\" content=\"1482\" \/>\n\t<meta property=\"og:image:height\" content=\"662\" \/>\n\t<meta property=\"og:image:type\" content=\"image\/jpeg\" \/>\n<meta name=\"author\" content=\"Visionlarge\" \/>\n<meta name=\"twitter:card\" content=\"summary_large_image\" \/>\n<meta name=\"twitter:creator\" content=\"@visionlarge\" \/>\n<meta name=\"twitter:site\" content=\"@visionlarge\" \/>\n<meta name=\"twitter:label1\" content=\"\u00c9crit par\" \/>\n\t<meta name=\"twitter:data1\" content=\"Visionlarge\" \/>\n\t<meta name=\"twitter:label2\" content=\"Dur\u00e9e de lecture estim\u00e9e\" \/>\n\t<meta name=\"twitter:data2\" content=\"3 minutes\" \/>\n<script type=\"application\/ld+json\" class=\"yoast-schema-graph\">{\"@context\":\"https:\\\/\\\/schema.org\",\"@graph\":[{\"@type\":\"Article\",\"@id\":\"https:\\\/\\\/www.visionlarge.ch\\\/Blog\\\/rayons-de-lumieres-en-foret\\\/#article\",\"isPartOf\":{\"@id\":\"https:\\\/\\\/www.visionlarge.ch\\\/Blog\\\/rayons-de-lumieres-en-foret\\\/\"},\"author\":{\"name\":\"Visionlarge\",\"@id\":\"https:\\\/\\\/www.visionlarge.ch\\\/Blog\\\/#\\\/schema\\\/person\\\/b1280adcf8dd414efb101660dca80274\"},\"headline\":\"Rayons de lumi\u00e8res en for\u00eat\",\"datePublished\":\"2015-12-31T13:05:40+00:00\",\"dateModified\":\"2026-01-18T10:26:12+00:00\",\"mainEntityOfPage\":{\"@id\":\"https:\\\/\\\/www.visionlarge.ch\\\/Blog\\\/rayons-de-lumieres-en-foret\\\/\"},\"wordCount\":522,\"commentCount\":0,\"publisher\":{\"@id\":\"https:\\\/\\\/www.visionlarge.ch\\\/Blog\\\/#\\\/schema\\\/person\\\/b1280adcf8dd414efb101660dca80274\"},\"image\":{\"@id\":\"https:\\\/\\\/www.visionlarge.ch\\\/Blog\\\/rayons-de-lumieres-en-foret\\\/#primaryimage\"},\"thumbnailUrl\":\"https:\\\/\\\/www.visionlarge.ch\\\/Blog\\\/wp-content\\\/uploads\\\/PanoDansLesBois.jpg\",\"articleSection\":[\"Histoire d'une image\"],\"inLanguage\":\"fr-FR\",\"potentialAction\":[{\"@type\":\"CommentAction\",\"name\":\"Comment\",\"target\":[\"https:\\\/\\\/www.visionlarge.ch\\\/Blog\\\/rayons-de-lumieres-en-foret\\\/#respond\"]}]},{\"@type\":\"WebPage\",\"@id\":\"https:\\\/\\\/www.visionlarge.ch\\\/Blog\\\/rayons-de-lumieres-en-foret\\\/\",\"url\":\"https:\\\/\\\/www.visionlarge.ch\\\/Blog\\\/rayons-de-lumieres-en-foret\\\/\",\"name\":\"Rayons de lumi\u00e8res en for\u00eat &#8212; Visionlarge.ch\",\"isPartOf\":{\"@id\":\"https:\\\/\\\/www.visionlarge.ch\\\/Blog\\\/#website\"},\"primaryImageOfPage\":{\"@id\":\"https:\\\/\\\/www.visionlarge.ch\\\/Blog\\\/rayons-de-lumieres-en-foret\\\/#primaryimage\"},\"image\":{\"@id\":\"https:\\\/\\\/www.visionlarge.ch\\\/Blog\\\/rayons-de-lumieres-en-foret\\\/#primaryimage\"},\"thumbnailUrl\":\"https:\\\/\\\/www.visionlarge.ch\\\/Blog\\\/wp-content\\\/uploads\\\/PanoDansLesBois.jpg\",\"datePublished\":\"2015-12-31T13:05:40+00:00\",\"dateModified\":\"2026-01-18T10:26:12+00:00\",\"description\":\"Photographies panoramiques de rayons de lumi\u00e8res dans la for\u00eat de Chamblon dans le canton de Vaud en Suisse. Visionlarge.ch\",\"breadcrumb\":{\"@id\":\"https:\\\/\\\/www.visionlarge.ch\\\/Blog\\\/rayons-de-lumieres-en-foret\\\/#breadcrumb\"},\"inLanguage\":\"fr-FR\",\"potentialAction\":[{\"@type\":\"ReadAction\",\"target\":[\"https:\\\/\\\/www.visionlarge.ch\\\/Blog\\\/rayons-de-lumieres-en-foret\\\/\"]}]},{\"@type\":\"ImageObject\",\"inLanguage\":\"fr-FR\",\"@id\":\"https:\\\/\\\/www.visionlarge.ch\\\/Blog\\\/rayons-de-lumieres-en-foret\\\/#primaryimage\",\"url\":\"https:\\\/\\\/www.visionlarge.ch\\\/Blog\\\/wp-content\\\/uploads\\\/PanoDansLesBois.jpg\",\"contentUrl\":\"https:\\\/\\\/www.visionlarge.ch\\\/Blog\\\/wp-content\\\/uploads\\\/PanoDansLesBois.jpg\",\"width\":1482,\"height\":662,\"caption\":\"Panoramique dans les bois de Chamblon le soir\"},{\"@type\":\"BreadcrumbList\",\"@id\":\"https:\\\/\\\/www.visionlarge.ch\\\/Blog\\\/rayons-de-lumieres-en-foret\\\/#breadcrumb\",\"itemListElement\":[{\"@type\":\"ListItem\",\"position\":1,\"name\":\"Accueil\",\"item\":\"https:\\\/\\\/www.visionlarge.ch\\\/Blog\\\/\"},{\"@type\":\"ListItem\",\"position\":2,\"name\":\"Rayons de lumi\u00e8res en for\u00eat\"}]},{\"@type\":\"WebSite\",\"@id\":\"https:\\\/\\\/www.visionlarge.ch\\\/Blog\\\/#website\",\"url\":\"https:\\\/\\\/www.visionlarge.ch\\\/Blog\\\/\",\"name\":\"Bovard Alain, mon blog photo\",\"description\":\"C&#039;est toujours plus beau en visionlarge...\",\"publisher\":{\"@id\":\"https:\\\/\\\/www.visionlarge.ch\\\/Blog\\\/#\\\/schema\\\/person\\\/b1280adcf8dd414efb101660dca80274\"},\"alternateName\":\"visionlarge\",\"potentialAction\":[{\"@type\":\"SearchAction\",\"target\":{\"@type\":\"EntryPoint\",\"urlTemplate\":\"https:\\\/\\\/www.visionlarge.ch\\\/Blog\\\/?s={search_term_string}\"},\"query-input\":{\"@type\":\"PropertyValueSpecification\",\"valueRequired\":true,\"valueName\":\"search_term_string\"}}],\"inLanguage\":\"fr-FR\"},{\"@type\":[\"Person\",\"Organization\"],\"@id\":\"https:\\\/\\\/www.visionlarge.ch\\\/Blog\\\/#\\\/schema\\\/person\\\/b1280adcf8dd414efb101660dca80274\",\"name\":\"Visionlarge\",\"image\":{\"@type\":\"ImageObject\",\"inLanguage\":\"fr-FR\",\"@id\":\"https:\\\/\\\/secure.gravatar.com\\\/avatar\\\/5a4cf7a2f94117044ce51a4d732d4e9e02f76cc87fa0508945a18215c8a0613b?s=96&d=mm&r=g\",\"url\":\"https:\\\/\\\/secure.gravatar.com\\\/avatar\\\/5a4cf7a2f94117044ce51a4d732d4e9e02f76cc87fa0508945a18215c8a0613b?s=96&d=mm&r=g\",\"contentUrl\":\"https:\\\/\\\/secure.gravatar.com\\\/avatar\\\/5a4cf7a2f94117044ce51a4d732d4e9e02f76cc87fa0508945a18215c8a0613b?s=96&d=mm&r=g\",\"caption\":\"Visionlarge\"},\"logo\":{\"@id\":\"https:\\\/\\\/secure.gravatar.com\\\/avatar\\\/5a4cf7a2f94117044ce51a4d732d4e9e02f76cc87fa0508945a18215c8a0613b?s=96&d=mm&r=g\"},\"sameAs\":[\"http:\\\/\\\/www.visionlarge.ch\\\/Blog\"],\"url\":\"https:\\\/\\\/www.visionlarge.ch\\\/Blog\\\/author\\\/abovard\\\/\"}]}<\/script>\n<!-- \/ Yoast SEO plugin. -->","yoast_head_json":{"title":"Rayons de lumi\u00e8res en for\u00eat &#8212; Visionlarge.ch","description":"Photographies panoramiques de rayons de lumi\u00e8res dans la for\u00eat de Chamblon dans le canton de Vaud en Suisse. Visionlarge.ch","robots":{"index":"index","follow":"follow","max-snippet":"max-snippet:-1","max-image-preview":"max-image-preview:large","max-video-preview":"max-video-preview:-1"},"canonical":"https:\/\/www.visionlarge.ch\/Blog\/rayons-de-lumieres-en-foret\/","og_locale":"fr_FR","og_type":"article","og_title":"Rayons de lumi\u00e8res en for\u00eat &#8212; Visionlarge.ch","og_url":"https:\/\/www.visionlarge.ch\/Blog\/rayons-de-lumieres-en-foret\/","og_site_name":"Visionlarge.ch","article_published_time":"2015-12-31T13:05:40+00:00","article_modified_time":"2026-01-18T10:26:12+00:00","og_image":[{"width":1482,"height":662,"url":"https:\/\/www.visionlarge.ch\/Blog\/wp-content\/uploads\/PanoDansLesBois.jpg","type":"image\/jpeg"}],"author":"Visionlarge","twitter_card":"summary_large_image","twitter_creator":"@visionlarge","twitter_site":"@visionlarge","twitter_misc":{"\u00c9crit par":"Visionlarge","Dur\u00e9e de lecture estim\u00e9e":"3 minutes"},"schema":{"@context":"https:\/\/schema.org","@graph":[{"@type":"Article","@id":"https:\/\/www.visionlarge.ch\/Blog\/rayons-de-lumieres-en-foret\/#article","isPartOf":{"@id":"https:\/\/www.visionlarge.ch\/Blog\/rayons-de-lumieres-en-foret\/"},"author":{"name":"Visionlarge","@id":"https:\/\/www.visionlarge.ch\/Blog\/#\/schema\/person\/b1280adcf8dd414efb101660dca80274"},"headline":"Rayons de lumi\u00e8res en for\u00eat","datePublished":"2015-12-31T13:05:40+00:00","dateModified":"2026-01-18T10:26:12+00:00","mainEntityOfPage":{"@id":"https:\/\/www.visionlarge.ch\/Blog\/rayons-de-lumieres-en-foret\/"},"wordCount":522,"commentCount":0,"publisher":{"@id":"https:\/\/www.visionlarge.ch\/Blog\/#\/schema\/person\/b1280adcf8dd414efb101660dca80274"},"image":{"@id":"https:\/\/www.visionlarge.ch\/Blog\/rayons-de-lumieres-en-foret\/#primaryimage"},"thumbnailUrl":"https:\/\/www.visionlarge.ch\/Blog\/wp-content\/uploads\/PanoDansLesBois.jpg","articleSection":["Histoire d'une image"],"inLanguage":"fr-FR","potentialAction":[{"@type":"CommentAction","name":"Comment","target":["https:\/\/www.visionlarge.ch\/Blog\/rayons-de-lumieres-en-foret\/#respond"]}]},{"@type":"WebPage","@id":"https:\/\/www.visionlarge.ch\/Blog\/rayons-de-lumieres-en-foret\/","url":"https:\/\/www.visionlarge.ch\/Blog\/rayons-de-lumieres-en-foret\/","name":"Rayons de lumi\u00e8res en for\u00eat &#8212; Visionlarge.ch","isPartOf":{"@id":"https:\/\/www.visionlarge.ch\/Blog\/#website"},"primaryImageOfPage":{"@id":"https:\/\/www.visionlarge.ch\/Blog\/rayons-de-lumieres-en-foret\/#primaryimage"},"image":{"@id":"https:\/\/www.visionlarge.ch\/Blog\/rayons-de-lumieres-en-foret\/#primaryimage"},"thumbnailUrl":"https:\/\/www.visionlarge.ch\/Blog\/wp-content\/uploads\/PanoDansLesBois.jpg","datePublished":"2015-12-31T13:05:40+00:00","dateModified":"2026-01-18T10:26:12+00:00","description":"Photographies panoramiques de rayons de lumi\u00e8res dans la for\u00eat de Chamblon dans le canton de Vaud en Suisse. Visionlarge.ch","breadcrumb":{"@id":"https:\/\/www.visionlarge.ch\/Blog\/rayons-de-lumieres-en-foret\/#breadcrumb"},"inLanguage":"fr-FR","potentialAction":[{"@type":"ReadAction","target":["https:\/\/www.visionlarge.ch\/Blog\/rayons-de-lumieres-en-foret\/"]}]},{"@type":"ImageObject","inLanguage":"fr-FR","@id":"https:\/\/www.visionlarge.ch\/Blog\/rayons-de-lumieres-en-foret\/#primaryimage","url":"https:\/\/www.visionlarge.ch\/Blog\/wp-content\/uploads\/PanoDansLesBois.jpg","contentUrl":"https:\/\/www.visionlarge.ch\/Blog\/wp-content\/uploads\/PanoDansLesBois.jpg","width":1482,"height":662,"caption":"Panoramique dans les bois de Chamblon le soir"},{"@type":"BreadcrumbList","@id":"https:\/\/www.visionlarge.ch\/Blog\/rayons-de-lumieres-en-foret\/#breadcrumb","itemListElement":[{"@type":"ListItem","position":1,"name":"Accueil","item":"https:\/\/www.visionlarge.ch\/Blog\/"},{"@type":"ListItem","position":2,"name":"Rayons de lumi\u00e8res en for\u00eat"}]},{"@type":"WebSite","@id":"https:\/\/www.visionlarge.ch\/Blog\/#website","url":"https:\/\/www.visionlarge.ch\/Blog\/","name":"Bovard Alain, mon blog photo","description":"C&#039;est toujours plus beau en visionlarge...","publisher":{"@id":"https:\/\/www.visionlarge.ch\/Blog\/#\/schema\/person\/b1280adcf8dd414efb101660dca80274"},"alternateName":"visionlarge","potentialAction":[{"@type":"SearchAction","target":{"@type":"EntryPoint","urlTemplate":"https:\/\/www.visionlarge.ch\/Blog\/?s={search_term_string}"},"query-input":{"@type":"PropertyValueSpecification","valueRequired":true,"valueName":"search_term_string"}}],"inLanguage":"fr-FR"},{"@type":["Person","Organization"],"@id":"https:\/\/www.visionlarge.ch\/Blog\/#\/schema\/person\/b1280adcf8dd414efb101660dca80274","name":"Visionlarge","image":{"@type":"ImageObject","inLanguage":"fr-FR","@id":"https:\/\/secure.gravatar.com\/avatar\/5a4cf7a2f94117044ce51a4d732d4e9e02f76cc87fa0508945a18215c8a0613b?s=96&d=mm&r=g","url":"https:\/\/secure.gravatar.com\/avatar\/5a4cf7a2f94117044ce51a4d732d4e9e02f76cc87fa0508945a18215c8a0613b?s=96&d=mm&r=g","contentUrl":"https:\/\/secure.gravatar.com\/avatar\/5a4cf7a2f94117044ce51a4d732d4e9e02f76cc87fa0508945a18215c8a0613b?s=96&d=mm&r=g","caption":"Visionlarge"},"logo":{"@id":"https:\/\/secure.gravatar.com\/avatar\/5a4cf7a2f94117044ce51a4d732d4e9e02f76cc87fa0508945a18215c8a0613b?s=96&d=mm&r=g"},"sameAs":["http:\/\/www.visionlarge.ch\/Blog"],"url":"https:\/\/www.visionlarge.ch\/Blog\/author\/abovard\/"}]}},"_links":{"self":[{"href":"https:\/\/www.visionlarge.ch\/Blog\/wp-json\/wp\/v2\/posts\/3116","targetHints":{"allow":["GET"]}}],"collection":[{"href":"https:\/\/www.visionlarge.ch\/Blog\/wp-json\/wp\/v2\/posts"}],"about":[{"href":"https:\/\/www.visionlarge.ch\/Blog\/wp-json\/wp\/v2\/types\/post"}],"author":[{"embeddable":true,"href":"https:\/\/www.visionlarge.ch\/Blog\/wp-json\/wp\/v2\/users\/1"}],"replies":[{"embeddable":true,"href":"https:\/\/www.visionlarge.ch\/Blog\/wp-json\/wp\/v2\/comments?post=3116"}],"version-history":[{"count":5,"href":"https:\/\/www.visionlarge.ch\/Blog\/wp-json\/wp\/v2\/posts\/3116\/revisions"}],"predecessor-version":[{"id":11506,"href":"https:\/\/www.visionlarge.ch\/Blog\/wp-json\/wp\/v2\/posts\/3116\/revisions\/11506"}],"wp:featuredmedia":[{"embeddable":true,"href":"https:\/\/www.visionlarge.ch\/Blog\/wp-json\/wp\/v2\/media\/3117"}],"wp:attachment":[{"href":"https:\/\/www.visionlarge.ch\/Blog\/wp-json\/wp\/v2\/media?parent=3116"}],"wp:term":[{"taxonomy":"category","embeddable":true,"href":"https:\/\/www.visionlarge.ch\/Blog\/wp-json\/wp\/v2\/categories?post=3116"},{"taxonomy":"post_tag","embeddable":true,"href":"https:\/\/www.visionlarge.ch\/Blog\/wp-json\/wp\/v2\/tags?post=3116"}],"curies":[{"name":"wp","href":"https:\/\/api.w.org\/{rel}","templated":true}]}}