{"id":10751,"date":"2025-09-10T08:46:10","date_gmt":"2025-09-10T07:46:10","guid":{"rendered":"https:\/\/www.visionlarge.ch\/Blog\/?p=10751"},"modified":"2026-03-29T10:52:57","modified_gmt":"2026-03-29T09:52:57","slug":"chamonix-mont-blanc","status":"publish","type":"post","link":"https:\/\/www.visionlarge.ch\/Blog\/chamonix-mont-blanc\/","title":{"rendered":"Chamonix-Mont-Blanc"},"content":{"rendered":"\n<p>Cela fait un moment que je poste technique\u2026 Ouais, j\u2019avoue c\u2019est pas terrible et c\u2019est loin de ce que j\u2019aime. Ma passion n\u2019est pas li\u00e9e aux mat\u00e9riels photographiques ni \u00e0 la technique. Mais quand on a pas la force, la sant\u00e9 et donc parfois la motivation\u2026 Ben on fait moins de photos.<\/p>\n\n\n\n\n\n\n\n<p>Du coup, ses derniers temps. \u00c9tant incapable d\u2019avoir la force ou le courage de sortir, je me suis efforc\u00e9 de cr\u00e9er d\u2019autres postes. Qui je l\u2019esp\u00e8re, faisaient vivre mon petit site internet. Car un site qui ne bouge pas, et souvent un endroit qui se meurt (d\u00e9j\u00e0, que ce n&rsquo;est pas facile&#8230;).<br \/><\/p>\n\n\n\n<figure data-wp-context=\"{&quot;imageId&quot;:&quot;69f170bc51ce9&quot;}\" data-wp-interactive=\"core\/image\" data-wp-key=\"69f170bc51ce9\" class=\"wp-block-image size-large wp-lightbox-container\"><img loading=\"lazy\" decoding=\"async\" width=\"2000\" height=\"1365\" data-wp-class--hide=\"state.isContentHidden\" data-wp-class--show=\"state.isContentVisible\" data-wp-init=\"callbacks.setButtonStyles\" data-wp-on--click=\"actions.showLightbox\" data-wp-on--load=\"callbacks.setButtonStyles\" data-wp-on-window--resize=\"callbacks.setButtonStyles\" src=\"https:\/\/www.visionlarge.ch\/Blog\/wp-content\/uploads\/ChamonixFrance2025-86-2000x1365.jpg\" alt=\"En partance pour le sommet avec le t\u00e9l\u00e9ph\u00e9rique du Brevent \u00e0 Chamonix\" class=\"wp-image-10748\" srcset=\"https:\/\/www.visionlarge.ch\/Blog\/wp-content\/uploads\/ChamonixFrance2025-86-2000x1365.jpg 2000w, https:\/\/www.visionlarge.ch\/Blog\/wp-content\/uploads\/ChamonixFrance2025-86-300x205.jpg 300w, https:\/\/www.visionlarge.ch\/Blog\/wp-content\/uploads\/ChamonixFrance2025-86-150x102.jpg 150w, https:\/\/www.visionlarge.ch\/Blog\/wp-content\/uploads\/ChamonixFrance2025-86-768x524.jpg 768w, https:\/\/www.visionlarge.ch\/Blog\/wp-content\/uploads\/ChamonixFrance2025-86-1536x1048.jpg 1536w, https:\/\/www.visionlarge.ch\/Blog\/wp-content\/uploads\/ChamonixFrance2025-86-2048x1398.jpg 2048w\" sizes=\"auto, (max-width: 2000px) 100vw, 2000px\" \/><button\n\t\t\tclass=\"lightbox-trigger\"\n\t\t\ttype=\"button\"\n\t\t\taria-haspopup=\"dialog\"\n\t\t\taria-label=\"Agrandir\"\n\t\t\tdata-wp-init=\"callbacks.initTriggerButton\"\n\t\t\tdata-wp-on--click=\"actions.showLightbox\"\n\t\t\tdata-wp-style--right=\"state.imageButtonRight\"\n\t\t\tdata-wp-style--top=\"state.imageButtonTop\"\n\t\t>\n\t\t\t<svg xmlns=\"http:\/\/www.w3.org\/2000\/svg\" width=\"12\" height=\"12\" fill=\"none\" viewBox=\"0 0 12 12\">\n\t\t\t\t<path fill=\"#fff\" d=\"M2 0a2 2 0 0 0-2 2v2h1.5V2a.5.5 0 0 1 .5-.5h2V0H2Zm2 10.5H2a.5.5 0 0 1-.5-.5V8H0v2a2 2 0 0 0 2 2h2v-1.5ZM8 12v-1.5h2a.5.5 0 0 0 .5-.5V8H12v2a2 2 0 0 1-2 2H8Zm2-12a2 2 0 0 1 2 2v2h-1.5V2a.5.5 0 0 0-.5-.5H8V0h2Z\" \/>\n\t\t\t<\/svg>\n\t\t<\/button><figcaption class=\"wp-element-caption\">En partance pour le sommet avec le t\u00e9l\u00e9ph\u00e9rique du Brevent \u00e0 Chamonix-Mont-Blanc. Depuis ce somment, on se retrouve en face du Mont-Blanc.<br \/><strong>Canon EOS R et Canon RF 24-105 F4 L<\/strong><\/figcaption><\/figure>\n\n\n\n<p>Le <strong>Mont-blanc. 4810m<\/strong> (c\u2019est marqu\u00e9 sur la boite de chocolat 4810 \ud83d\ude09 ). C\u2019est bien <strong>le plus haut sommet d\u2019Europe<\/strong>. Je le vois tout les matins en prenant l\u2019autoroute. Cela faisait un moment que je d\u00e9sirais le voir de plus pr\u00e8s. <strong>Un voyage<\/strong> (rapide d\u2019ailleurs..) \u00e0 <strong>Chamonix-Mont-Blanc<\/strong> \u00e9tait donc une \u00e9tape obligatoire.<\/p>\n\n\n\n<figure data-wp-context=\"{&quot;imageId&quot;:&quot;69f170bc522ac&quot;}\" data-wp-interactive=\"core\/image\" data-wp-key=\"69f170bc522ac\" class=\"wp-block-image size-large wp-lightbox-container\"><img loading=\"lazy\" decoding=\"async\" width=\"2000\" height=\"1365\" data-wp-class--hide=\"state.isContentHidden\" data-wp-class--show=\"state.isContentVisible\" data-wp-init=\"callbacks.setButtonStyles\" data-wp-on--click=\"actions.showLightbox\" data-wp-on--load=\"callbacks.setButtonStyles\" data-wp-on-window--resize=\"callbacks.setButtonStyles\" src=\"https:\/\/www.visionlarge.ch\/Blog\/wp-content\/uploads\/ChamonixFrance2025-42-SoldatsBW-1-2000x1365.png\" alt=\"Les statues de Chamonix\" class=\"wp-image-10750\" srcset=\"https:\/\/www.visionlarge.ch\/Blog\/wp-content\/uploads\/ChamonixFrance2025-42-SoldatsBW-1-2000x1365.png 2000w, https:\/\/www.visionlarge.ch\/Blog\/wp-content\/uploads\/ChamonixFrance2025-42-SoldatsBW-1-300x205.png 300w, https:\/\/www.visionlarge.ch\/Blog\/wp-content\/uploads\/ChamonixFrance2025-42-SoldatsBW-1-150x102.png 150w, https:\/\/www.visionlarge.ch\/Blog\/wp-content\/uploads\/ChamonixFrance2025-42-SoldatsBW-1-768x524.png 768w, https:\/\/www.visionlarge.ch\/Blog\/wp-content\/uploads\/ChamonixFrance2025-42-SoldatsBW-1-1536x1048.png 1536w, https:\/\/www.visionlarge.ch\/Blog\/wp-content\/uploads\/ChamonixFrance2025-42-SoldatsBW-1-2048x1398.png 2048w\" sizes=\"auto, (max-width: 2000px) 100vw, 2000px\" \/><button\n\t\t\tclass=\"lightbox-trigger\"\n\t\t\ttype=\"button\"\n\t\t\taria-haspopup=\"dialog\"\n\t\t\taria-label=\"Agrandir\"\n\t\t\tdata-wp-init=\"callbacks.initTriggerButton\"\n\t\t\tdata-wp-on--click=\"actions.showLightbox\"\n\t\t\tdata-wp-style--right=\"state.imageButtonRight\"\n\t\t\tdata-wp-style--top=\"state.imageButtonTop\"\n\t\t>\n\t\t\t<svg xmlns=\"http:\/\/www.w3.org\/2000\/svg\" width=\"12\" height=\"12\" fill=\"none\" viewBox=\"0 0 12 12\">\n\t\t\t\t<path fill=\"#fff\" d=\"M2 0a2 2 0 0 0-2 2v2h1.5V2a.5.5 0 0 1 .5-.5h2V0H2Zm2 10.5H2a.5.5 0 0 1-.5-.5V8H0v2a2 2 0 0 0 2 2h2v-1.5ZM8 12v-1.5h2a.5.5 0 0 0 .5-.5V8H12v2a2 2 0 0 1-2 2H8Zm2-12a2 2 0 0 1 2 2v2h-1.5V2a.5.5 0 0 0-.5-.5H8V0h2Z\" \/>\n\t\t\t<\/svg>\n\t\t<\/button><figcaption class=\"wp-element-caption\">Statue typique de Chamonix qui pointe du doigt l&rsquo;Aiguille du midi et le massif du Mont-Blanc.<br \/><strong>Canon EOS R et Canon RF 24-105 F4 L<\/strong><\/figcaption><\/figure>\n\n\n\n<p>Depuis la petit ville o\u00f9 le grand village de Chamonix, il est tr\u00e8s facile d\u2019avoir une magnifique vue sur les montagnes. Je ne pourrais pas nommer tous les sommets qui sont visibles depuis le village. Il y a vraiment beaucoup de possibilit\u00e9s pour se rapprocher du massif ou pour le voir diff\u00e9remment .<\/p>\n\n\n\n<p>Pour moi, il est malheureusement pas possible de <strong>monter jusqu&rsquo;au sommet de l&rsquo;aiguille du midi<\/strong>. L&rsquo;altitude est bien trop haute pour mon petit coeur fraichement r\u00e9par\u00e9. Mais ce n&rsquo;est que partie remise. Je l&rsquo;esp\u00e8re. Mais si vous d\u00e9sirez le faire, <strong>soyez prudent, car le nombre de remont\u00e9e est limit\u00e9 <\/strong>dans la journ\u00e9e !<\/p>\n\n\n\n<p>Nous avons donc choisi le <strong>t\u00e9l\u00e9ph\u00e9rique du Brevent<\/strong> pour monter jusqu\u2019au sommet de celui-ci. Plein face de l\u2019immense massif du Mont-blanc. <strong>Le paysage sur le reste des alpes et le massif du Mont-Blanc est tout aussi magnifique<\/strong>.<\/p>\n\n\n\n<p><a href=\"https:\/\/www.visionlarge.ch\/Blog\/a-la-decouverte-d-herve-sentucq\/\">Vous aimez les panoramas? visitez mon article (apr\u00e8s celui-ci \ud83d\ude09 sur le photographe Herv\u00e9 Sentucq<\/a><\/p>\n\n\n\n<figure data-wp-context=\"{&quot;imageId&quot;:&quot;69f170bc52801&quot;}\" data-wp-interactive=\"core\/image\" data-wp-key=\"69f170bc52801\" class=\"wp-block-image size-large wp-lightbox-container\"><img loading=\"lazy\" decoding=\"async\" width=\"2000\" height=\"826\" data-wp-class--hide=\"state.isContentHidden\" data-wp-class--show=\"state.isContentVisible\" data-wp-init=\"callbacks.setButtonStyles\" data-wp-on--click=\"actions.showLightbox\" data-wp-on--load=\"callbacks.setButtonStyles\" data-wp-on-window--resize=\"callbacks.setButtonStyles\" src=\"https:\/\/www.visionlarge.ch\/Blog\/wp-content\/uploads\/ChamonixFrance2025-42-Panorama-2000x826.jpg\" alt=\"En haut du Brevent \u00e0 Chamonix\" class=\"wp-image-10746\" srcset=\"https:\/\/www.visionlarge.ch\/Blog\/wp-content\/uploads\/ChamonixFrance2025-42-Panorama-2000x826.jpg 2000w, https:\/\/www.visionlarge.ch\/Blog\/wp-content\/uploads\/ChamonixFrance2025-42-Panorama-300x124.jpg 300w, https:\/\/www.visionlarge.ch\/Blog\/wp-content\/uploads\/ChamonixFrance2025-42-Panorama-150x62.jpg 150w, https:\/\/www.visionlarge.ch\/Blog\/wp-content\/uploads\/ChamonixFrance2025-42-Panorama-768x317.jpg 768w, https:\/\/www.visionlarge.ch\/Blog\/wp-content\/uploads\/ChamonixFrance2025-42-Panorama-1536x634.jpg 1536w, https:\/\/www.visionlarge.ch\/Blog\/wp-content\/uploads\/ChamonixFrance2025-42-Panorama-2048x846.jpg 2048w\" sizes=\"auto, (max-width: 2000px) 100vw, 2000px\" \/><button\n\t\t\tclass=\"lightbox-trigger\"\n\t\t\ttype=\"button\"\n\t\t\taria-haspopup=\"dialog\"\n\t\t\taria-label=\"Agrandir\"\n\t\t\tdata-wp-init=\"callbacks.initTriggerButton\"\n\t\t\tdata-wp-on--click=\"actions.showLightbox\"\n\t\t\tdata-wp-style--right=\"state.imageButtonRight\"\n\t\t\tdata-wp-style--top=\"state.imageButtonTop\"\n\t\t>\n\t\t\t<svg xmlns=\"http:\/\/www.w3.org\/2000\/svg\" width=\"12\" height=\"12\" fill=\"none\" viewBox=\"0 0 12 12\">\n\t\t\t\t<path fill=\"#fff\" d=\"M2 0a2 2 0 0 0-2 2v2h1.5V2a.5.5 0 0 1 .5-.5h2V0H2Zm2 10.5H2a.5.5 0 0 1-.5-.5V8H0v2a2 2 0 0 0 2 2h2v-1.5ZM8 12v-1.5h2a.5.5 0 0 0 .5-.5V8H12v2a2 2 0 0 1-2 2H8Zm2-12a2 2 0 0 1 2 2v2h-1.5V2a.5.5 0 0 0-.5-.5H8V0h2Z\" \/>\n\t\t\t<\/svg>\n\t\t<\/button><figcaption class=\"wp-element-caption\">Rochers de Fiz avec tout au fond \u00e0 gauche en petit le D\u00e9sert de Plat\u00e9. La vue \u00e9tait vraiment magnifique. <br \/><strong>Canon EOS R Canon 24-105 RF L<\/strong><\/figcaption><\/figure>\n\n\n\n<p><strong>Depuis le Brevent, la vue est magnifique<\/strong> sur la montagne la plus haute d\u2019Europe. Mais les paysages sur les montagnes environnantes sont aussi extraordinaires et m\u00e9ritent de prendre un moment pour explorer toutes ses pointes qui se dressent fi\u00e8rement au loin.<\/p>\n\n\n\n<figure data-wp-context=\"{&quot;imageId&quot;:&quot;69f170bc52d49&quot;}\" data-wp-interactive=\"core\/image\" data-wp-key=\"69f170bc52d49\" class=\"wp-block-image size-large wp-lightbox-container\"><img loading=\"lazy\" decoding=\"async\" width=\"2000\" height=\"1047\" data-wp-class--hide=\"state.isContentHidden\" data-wp-class--show=\"state.isContentVisible\" data-wp-init=\"callbacks.setButtonStyles\" data-wp-on--click=\"actions.showLightbox\" data-wp-on--load=\"callbacks.setButtonStyles\" data-wp-on-window--resize=\"callbacks.setButtonStyles\" src=\"https:\/\/www.visionlarge.ch\/Blog\/wp-content\/uploads\/ChamonixFrance2025-82-Panorama-2000x1047.jpg\" alt=\"Un parapente pr\u00e8s de l'aiguille verte depuis Chamonix\" class=\"wp-image-10747\" srcset=\"https:\/\/www.visionlarge.ch\/Blog\/wp-content\/uploads\/ChamonixFrance2025-82-Panorama-2000x1047.jpg 2000w, https:\/\/www.visionlarge.ch\/Blog\/wp-content\/uploads\/ChamonixFrance2025-82-Panorama-300x157.jpg 300w, https:\/\/www.visionlarge.ch\/Blog\/wp-content\/uploads\/ChamonixFrance2025-82-Panorama-150x79.jpg 150w, https:\/\/www.visionlarge.ch\/Blog\/wp-content\/uploads\/ChamonixFrance2025-82-Panorama-768x402.jpg 768w, https:\/\/www.visionlarge.ch\/Blog\/wp-content\/uploads\/ChamonixFrance2025-82-Panorama-1536x804.jpg 1536w, https:\/\/www.visionlarge.ch\/Blog\/wp-content\/uploads\/ChamonixFrance2025-82-Panorama-2048x1072.jpg 2048w\" sizes=\"auto, (max-width: 2000px) 100vw, 2000px\" \/><button\n\t\t\tclass=\"lightbox-trigger\"\n\t\t\ttype=\"button\"\n\t\t\taria-haspopup=\"dialog\"\n\t\t\taria-label=\"Agrandir\"\n\t\t\tdata-wp-init=\"callbacks.initTriggerButton\"\n\t\t\tdata-wp-on--click=\"actions.showLightbox\"\n\t\t\tdata-wp-style--right=\"state.imageButtonRight\"\n\t\t\tdata-wp-style--top=\"state.imageButtonTop\"\n\t\t>\n\t\t\t<svg xmlns=\"http:\/\/www.w3.org\/2000\/svg\" width=\"12\" height=\"12\" fill=\"none\" viewBox=\"0 0 12 12\">\n\t\t\t\t<path fill=\"#fff\" d=\"M2 0a2 2 0 0 0-2 2v2h1.5V2a.5.5 0 0 1 .5-.5h2V0H2Zm2 10.5H2a.5.5 0 0 1-.5-.5V8H0v2a2 2 0 0 0 2 2h2v-1.5ZM8 12v-1.5h2a.5.5 0 0 0 .5-.5V8H12v2a2 2 0 0 1-2 2H8Zm2-12a2 2 0 0 1 2 2v2h-1.5V2a.5.5 0 0 0-.5-.5H8V0h2Z\" \/>\n\t\t\t<\/svg>\n\t\t<\/button><figcaption class=\"wp-element-caption\">Un parapente passe pr\u00e8s de l&rsquo;aiguille verte. L&rsquo;ensemble devient une vraie carte postale. Un instant magique dans ce cadre incroyable.<br \/><strong>Canon EOS R et Canon RF 24-105 F4 L<\/strong><\/figcaption><\/figure>\n\n\n\n<p>On pourrait passer sa journ\u00e9e \u00e0 photographier le Mont-Blanc et les aiguilles toute la journ\u00e9e. Si vous \u00eates comme moi, pas trop sportif ou limit\u00e9 physiquement, ce n&rsquo;est pas un probl\u00e8me. Il y a bien assez de t\u00e9l\u00e9ph\u00e9riques et des vues incroyables accessibles sans effort.<\/p>\n\n\n\n<p>Pour les plus ardus \u00e0 la pratique du sport et les casses-cous tout est l\u00e0 aussi pour vous \u00e9clater dans la r\u00e9gion. Parapentes, alpinismes, VTT et randonn\u00e9es sont l\u00e0 pour vous!<\/p>\n\n\n\n<figure data-wp-context=\"{&quot;imageId&quot;:&quot;69f170bc5326b&quot;}\" data-wp-interactive=\"core\/image\" data-wp-key=\"69f170bc5326b\" class=\"wp-block-image size-large wp-lightbox-container\"><img loading=\"lazy\" decoding=\"async\" width=\"2000\" height=\"1047\" data-wp-class--hide=\"state.isContentHidden\" data-wp-class--show=\"state.isContentVisible\" data-wp-init=\"callbacks.setButtonStyles\" data-wp-on--click=\"actions.showLightbox\" data-wp-on--load=\"callbacks.setButtonStyles\" data-wp-on-window--resize=\"callbacks.setButtonStyles\" src=\"https:\/\/www.visionlarge.ch\/Blog\/wp-content\/uploads\/ChamonixFrance2025-84-Pano-2000x1047.jpg\" alt=\"Un parapente depuis Chamonix\" class=\"wp-image-10796\" srcset=\"https:\/\/www.visionlarge.ch\/Blog\/wp-content\/uploads\/ChamonixFrance2025-84-Pano-2000x1047.jpg 2000w, https:\/\/www.visionlarge.ch\/Blog\/wp-content\/uploads\/ChamonixFrance2025-84-Pano-300x157.jpg 300w, https:\/\/www.visionlarge.ch\/Blog\/wp-content\/uploads\/ChamonixFrance2025-84-Pano-150x79.jpg 150w, https:\/\/www.visionlarge.ch\/Blog\/wp-content\/uploads\/ChamonixFrance2025-84-Pano-768x402.jpg 768w, https:\/\/www.visionlarge.ch\/Blog\/wp-content\/uploads\/ChamonixFrance2025-84-Pano-1536x804.jpg 1536w, https:\/\/www.visionlarge.ch\/Blog\/wp-content\/uploads\/ChamonixFrance2025-84-Pano-2048x1072.jpg 2048w\" sizes=\"auto, (max-width: 2000px) 100vw, 2000px\" \/><button\n\t\t\tclass=\"lightbox-trigger\"\n\t\t\ttype=\"button\"\n\t\t\taria-haspopup=\"dialog\"\n\t\t\taria-label=\"Agrandir\"\n\t\t\tdata-wp-init=\"callbacks.initTriggerButton\"\n\t\t\tdata-wp-on--click=\"actions.showLightbox\"\n\t\t\tdata-wp-style--right=\"state.imageButtonRight\"\n\t\t\tdata-wp-style--top=\"state.imageButtonTop\"\n\t\t>\n\t\t\t<svg xmlns=\"http:\/\/www.w3.org\/2000\/svg\" width=\"12\" height=\"12\" fill=\"none\" viewBox=\"0 0 12 12\">\n\t\t\t\t<path fill=\"#fff\" d=\"M2 0a2 2 0 0 0-2 2v2h1.5V2a.5.5 0 0 1 .5-.5h2V0H2Zm2 10.5H2a.5.5 0 0 1-.5-.5V8H0v2a2 2 0 0 0 2 2h2v-1.5ZM8 12v-1.5h2a.5.5 0 0 0 .5-.5V8H12v2a2 2 0 0 1-2 2H8Zm2-12a2 2 0 0 1 2 2v2h-1.5V2a.5.5 0 0 0-.5-.5H8V0h2Z\" \/>\n\t\t\t<\/svg>\n\t\t<\/button><figcaption class=\"wp-element-caption\">Cela doit \u00eatre super chouette de voler au dessus de ses magnifiques montagnes. Il faut absolument que je le fasse un jour! Mais, comme ma petite pompe est encore fragile et que j&rsquo;ai un peu peur (j&rsquo;en connais qui ont \u00e9t\u00e9 malade&#8230; Mal des transports&#8230;), ben se sera pour une autre fois!<br \/>Canon EOS R et Canon RF 24-105 F4 L<\/figcaption><\/figure>\n\n\n\n<p>Et vous ? C&rsquo;est un endroit que vous connaissez?<\/p>\n\n\n\n<p>N\u2019h\u00e9sitez pas \u00e0 revenir. Il pourrait y avoir d\u2019autres images. \u00c0 moins, bien s\u00fbr, que vous trouviez mes images banales \ud83d\ude09 Je reste un amateur qui s\u2019amuse et qui fait cela pour le plaisir des belles images.<\/p>\n\n\n\n<p><strong>Et n\u2019oubliez pas, il peut \u00eatre tentant de prendre une image sur le Net, car c\u2019est facile<\/strong>.\u00a0<strong>Mais c\u2019est pas tr\u00e8s cool comme d\u00e9marche. Veuillez respecter mes images ainsi que le travail fourni pour les r\u00e9aliser<\/strong>.\u00a0<strong>M\u00eame si l\u00e0, du coup\u2026 vous pouvez penser qu\u2019il n\u2019y a pas que des p\u00e9pites\u2026Voir m\u00eame aucune.. Merci!<\/strong><\/p>\n\n\n\n<p><\/p>\n","protected":false},"excerpt":{"rendered":"<p>Cela fait un moment que je poste technique\u2026 Ouais, j\u2019avoue c\u2019est pas terrible et c\u2019est loin de ce que j\u2019aime. Ma passion n\u2019est pas li\u00e9e aux mat\u00e9riels photographiques ni \u00e0 la technique. Mais quand on a pas la force, la sant\u00e9 et donc parfois la motivation\u2026 Ben on fait moins&#8230;<\/p>\n<div class=\"more-link-wrapper\"><a class=\"more-link\" href=\"https:\/\/www.visionlarge.ch\/Blog\/chamonix-mont-blanc\/\">La suite? C&#039;est par l\u00e0!<span class=\"screen-reader-text\">Chamonix-Mont-Blanc<\/span><\/a><\/div>\n","protected":false},"author":1,"featured_media":10748,"comment_status":"open","ping_status":"open","sticky":false,"template":"","format":"standard","meta":{"footnotes":""},"categories":[476],"tags":[1165,1163,314,1164,34,1166],"class_list":["post-10751","post","type-post","status-publish","format-standard","has-post-thumbnail","hentry","category-visites-et-photos","tag-1165","tag-chamonix","tag-france","tag-mont-blanc","tag-panorama","tag-telepherique","excerpt","zoom","full-without-featured","even","excerpt-0"],"yoast_head":"<!-- This site is optimized with the Yoast SEO plugin v27.5 - https:\/\/yoast.com\/product\/yoast-seo-wordpress\/ -->\n<title>Chamonix-Mont-Blanc &#8212; Visionlarge.ch<\/title>\n<meta name=\"description\" content=\"Visionlarge.ch\" \/>\n<meta name=\"robots\" content=\"index, follow, max-snippet:-1, max-image-preview:large, max-video-preview:-1\" \/>\n<link rel=\"canonical\" href=\"https:\/\/www.visionlarge.ch\/Blog\/chamonix-mont-blanc\/\" \/>\n<meta property=\"og:locale\" content=\"fr_FR\" \/>\n<meta property=\"og:type\" content=\"article\" \/>\n<meta property=\"og:title\" content=\"Chamonix-Mont-Blanc &#8212; Visionlarge.ch\" \/>\n<meta property=\"og:url\" content=\"https:\/\/www.visionlarge.ch\/Blog\/chamonix-mont-blanc\/\" \/>\n<meta property=\"og:site_name\" content=\"Visionlarge.ch\" \/>\n<meta property=\"article:published_time\" content=\"2025-09-10T07:46:10+00:00\" \/>\n<meta property=\"article:modified_time\" content=\"2026-03-29T09:52:57+00:00\" \/>\n<meta property=\"og:image\" content=\"https:\/\/www.visionlarge.ch\/Blog\/wp-content\/uploads\/ChamonixFrance2025-86-scaled.jpg\" \/>\n\t<meta property=\"og:image:width\" content=\"2560\" \/>\n\t<meta property=\"og:image:height\" content=\"1747\" \/>\n\t<meta property=\"og:image:type\" content=\"image\/jpeg\" \/>\n<meta name=\"author\" content=\"Visionlarge\" \/>\n<meta name=\"twitter:card\" content=\"summary_large_image\" \/>\n<meta name=\"twitter:creator\" content=\"@visionlarge\" \/>\n<meta name=\"twitter:site\" content=\"@visionlarge\" \/>\n<meta name=\"twitter:label1\" content=\"\u00c9crit par\" \/>\n\t<meta name=\"twitter:data1\" content=\"Visionlarge\" \/>\n\t<meta name=\"twitter:label2\" content=\"Dur\u00e9e de lecture estim\u00e9e\" \/>\n\t<meta name=\"twitter:data2\" content=\"5 minutes\" \/>\n<script type=\"application\/ld+json\" class=\"yoast-schema-graph\">{\"@context\":\"https:\\\/\\\/schema.org\",\"@graph\":[{\"@type\":\"Article\",\"@id\":\"https:\\\/\\\/www.visionlarge.ch\\\/Blog\\\/chamonix-mont-blanc\\\/#article\",\"isPartOf\":{\"@id\":\"https:\\\/\\\/www.visionlarge.ch\\\/Blog\\\/chamonix-mont-blanc\\\/\"},\"author\":{\"name\":\"Visionlarge\",\"@id\":\"https:\\\/\\\/www.visionlarge.ch\\\/Blog\\\/#\\\/schema\\\/person\\\/b1280adcf8dd414efb101660dca80274\"},\"headline\":\"Chamonix-Mont-Blanc\",\"datePublished\":\"2025-09-10T07:46:10+00:00\",\"dateModified\":\"2026-03-29T09:52:57+00:00\",\"mainEntityOfPage\":{\"@id\":\"https:\\\/\\\/www.visionlarge.ch\\\/Blog\\\/chamonix-mont-blanc\\\/\"},\"wordCount\":773,\"commentCount\":2,\"publisher\":{\"@id\":\"https:\\\/\\\/www.visionlarge.ch\\\/Blog\\\/#\\\/schema\\\/person\\\/b1280adcf8dd414efb101660dca80274\"},\"image\":{\"@id\":\"https:\\\/\\\/www.visionlarge.ch\\\/Blog\\\/chamonix-mont-blanc\\\/#primaryimage\"},\"thumbnailUrl\":\"https:\\\/\\\/www.visionlarge.ch\\\/Blog\\\/wp-content\\\/uploads\\\/ChamonixFrance2025-86-scaled.jpg\",\"keywords\":[\"4810\",\"chamonix\",\"france\",\"mont-blanc\",\"panorama\",\"t\u00e9l\u00e9ph\u00e9rique\"],\"articleSection\":[\"Visites et photos\"],\"inLanguage\":\"fr-FR\",\"potentialAction\":[{\"@type\":\"CommentAction\",\"name\":\"Comment\",\"target\":[\"https:\\\/\\\/www.visionlarge.ch\\\/Blog\\\/chamonix-mont-blanc\\\/#respond\"]}]},{\"@type\":\"WebPage\",\"@id\":\"https:\\\/\\\/www.visionlarge.ch\\\/Blog\\\/chamonix-mont-blanc\\\/\",\"url\":\"https:\\\/\\\/www.visionlarge.ch\\\/Blog\\\/chamonix-mont-blanc\\\/\",\"name\":\"Chamonix-Mont-Blanc &#8212; Visionlarge.ch\",\"isPartOf\":{\"@id\":\"https:\\\/\\\/www.visionlarge.ch\\\/Blog\\\/#website\"},\"primaryImageOfPage\":{\"@id\":\"https:\\\/\\\/www.visionlarge.ch\\\/Blog\\\/chamonix-mont-blanc\\\/#primaryimage\"},\"image\":{\"@id\":\"https:\\\/\\\/www.visionlarge.ch\\\/Blog\\\/chamonix-mont-blanc\\\/#primaryimage\"},\"thumbnailUrl\":\"https:\\\/\\\/www.visionlarge.ch\\\/Blog\\\/wp-content\\\/uploads\\\/ChamonixFrance2025-86-scaled.jpg\",\"datePublished\":\"2025-09-10T07:46:10+00:00\",\"dateModified\":\"2026-03-29T09:52:57+00:00\",\"description\":\"Visionlarge.ch\",\"breadcrumb\":{\"@id\":\"https:\\\/\\\/www.visionlarge.ch\\\/Blog\\\/chamonix-mont-blanc\\\/#breadcrumb\"},\"inLanguage\":\"fr-FR\",\"potentialAction\":[{\"@type\":\"ReadAction\",\"target\":[\"https:\\\/\\\/www.visionlarge.ch\\\/Blog\\\/chamonix-mont-blanc\\\/\"]}]},{\"@type\":\"ImageObject\",\"inLanguage\":\"fr-FR\",\"@id\":\"https:\\\/\\\/www.visionlarge.ch\\\/Blog\\\/chamonix-mont-blanc\\\/#primaryimage\",\"url\":\"https:\\\/\\\/www.visionlarge.ch\\\/Blog\\\/wp-content\\\/uploads\\\/ChamonixFrance2025-86-scaled.jpg\",\"contentUrl\":\"https:\\\/\\\/www.visionlarge.ch\\\/Blog\\\/wp-content\\\/uploads\\\/ChamonixFrance2025-86-scaled.jpg\",\"width\":2560,\"height\":1747,\"caption\":\"Canon EOS R, Canon 24-105 F4 L IS\"},{\"@type\":\"BreadcrumbList\",\"@id\":\"https:\\\/\\\/www.visionlarge.ch\\\/Blog\\\/chamonix-mont-blanc\\\/#breadcrumb\",\"itemListElement\":[{\"@type\":\"ListItem\",\"position\":1,\"name\":\"Accueil\",\"item\":\"https:\\\/\\\/www.visionlarge.ch\\\/Blog\\\/\"},{\"@type\":\"ListItem\",\"position\":2,\"name\":\"Chamonix-Mont-Blanc\"}]},{\"@type\":\"WebSite\",\"@id\":\"https:\\\/\\\/www.visionlarge.ch\\\/Blog\\\/#website\",\"url\":\"https:\\\/\\\/www.visionlarge.ch\\\/Blog\\\/\",\"name\":\"Bovard Alain, mon blog photo\",\"description\":\"C&#039;est toujours plus beau en visionlarge...\",\"publisher\":{\"@id\":\"https:\\\/\\\/www.visionlarge.ch\\\/Blog\\\/#\\\/schema\\\/person\\\/b1280adcf8dd414efb101660dca80274\"},\"alternateName\":\"visionlarge\",\"potentialAction\":[{\"@type\":\"SearchAction\",\"target\":{\"@type\":\"EntryPoint\",\"urlTemplate\":\"https:\\\/\\\/www.visionlarge.ch\\\/Blog\\\/?s={search_term_string}\"},\"query-input\":{\"@type\":\"PropertyValueSpecification\",\"valueRequired\":true,\"valueName\":\"search_term_string\"}}],\"inLanguage\":\"fr-FR\"},{\"@type\":[\"Person\",\"Organization\"],\"@id\":\"https:\\\/\\\/www.visionlarge.ch\\\/Blog\\\/#\\\/schema\\\/person\\\/b1280adcf8dd414efb101660dca80274\",\"name\":\"Visionlarge\",\"image\":{\"@type\":\"ImageObject\",\"inLanguage\":\"fr-FR\",\"@id\":\"https:\\\/\\\/secure.gravatar.com\\\/avatar\\\/5a4cf7a2f94117044ce51a4d732d4e9e02f76cc87fa0508945a18215c8a0613b?s=96&d=mm&r=g\",\"url\":\"https:\\\/\\\/secure.gravatar.com\\\/avatar\\\/5a4cf7a2f94117044ce51a4d732d4e9e02f76cc87fa0508945a18215c8a0613b?s=96&d=mm&r=g\",\"contentUrl\":\"https:\\\/\\\/secure.gravatar.com\\\/avatar\\\/5a4cf7a2f94117044ce51a4d732d4e9e02f76cc87fa0508945a18215c8a0613b?s=96&d=mm&r=g\",\"caption\":\"Visionlarge\"},\"logo\":{\"@id\":\"https:\\\/\\\/secure.gravatar.com\\\/avatar\\\/5a4cf7a2f94117044ce51a4d732d4e9e02f76cc87fa0508945a18215c8a0613b?s=96&d=mm&r=g\"},\"sameAs\":[\"http:\\\/\\\/www.visionlarge.ch\\\/Blog\"],\"url\":\"https:\\\/\\\/www.visionlarge.ch\\\/Blog\\\/author\\\/abovard\\\/\"}]}<\/script>\n<!-- \/ Yoast SEO plugin. -->","yoast_head_json":{"title":"Chamonix-Mont-Blanc &#8212; Visionlarge.ch","description":"Visionlarge.ch","robots":{"index":"index","follow":"follow","max-snippet":"max-snippet:-1","max-image-preview":"max-image-preview:large","max-video-preview":"max-video-preview:-1"},"canonical":"https:\/\/www.visionlarge.ch\/Blog\/chamonix-mont-blanc\/","og_locale":"fr_FR","og_type":"article","og_title":"Chamonix-Mont-Blanc &#8212; Visionlarge.ch","og_url":"https:\/\/www.visionlarge.ch\/Blog\/chamonix-mont-blanc\/","og_site_name":"Visionlarge.ch","article_published_time":"2025-09-10T07:46:10+00:00","article_modified_time":"2026-03-29T09:52:57+00:00","og_image":[{"width":2560,"height":1747,"url":"https:\/\/www.visionlarge.ch\/Blog\/wp-content\/uploads\/ChamonixFrance2025-86-scaled.jpg","type":"image\/jpeg"}],"author":"Visionlarge","twitter_card":"summary_large_image","twitter_creator":"@visionlarge","twitter_site":"@visionlarge","twitter_misc":{"\u00c9crit par":"Visionlarge","Dur\u00e9e de lecture estim\u00e9e":"5 minutes"},"schema":{"@context":"https:\/\/schema.org","@graph":[{"@type":"Article","@id":"https:\/\/www.visionlarge.ch\/Blog\/chamonix-mont-blanc\/#article","isPartOf":{"@id":"https:\/\/www.visionlarge.ch\/Blog\/chamonix-mont-blanc\/"},"author":{"name":"Visionlarge","@id":"https:\/\/www.visionlarge.ch\/Blog\/#\/schema\/person\/b1280adcf8dd414efb101660dca80274"},"headline":"Chamonix-Mont-Blanc","datePublished":"2025-09-10T07:46:10+00:00","dateModified":"2026-03-29T09:52:57+00:00","mainEntityOfPage":{"@id":"https:\/\/www.visionlarge.ch\/Blog\/chamonix-mont-blanc\/"},"wordCount":773,"commentCount":2,"publisher":{"@id":"https:\/\/www.visionlarge.ch\/Blog\/#\/schema\/person\/b1280adcf8dd414efb101660dca80274"},"image":{"@id":"https:\/\/www.visionlarge.ch\/Blog\/chamonix-mont-blanc\/#primaryimage"},"thumbnailUrl":"https:\/\/www.visionlarge.ch\/Blog\/wp-content\/uploads\/ChamonixFrance2025-86-scaled.jpg","keywords":["4810","chamonix","france","mont-blanc","panorama","t\u00e9l\u00e9ph\u00e9rique"],"articleSection":["Visites et photos"],"inLanguage":"fr-FR","potentialAction":[{"@type":"CommentAction","name":"Comment","target":["https:\/\/www.visionlarge.ch\/Blog\/chamonix-mont-blanc\/#respond"]}]},{"@type":"WebPage","@id":"https:\/\/www.visionlarge.ch\/Blog\/chamonix-mont-blanc\/","url":"https:\/\/www.visionlarge.ch\/Blog\/chamonix-mont-blanc\/","name":"Chamonix-Mont-Blanc &#8212; Visionlarge.ch","isPartOf":{"@id":"https:\/\/www.visionlarge.ch\/Blog\/#website"},"primaryImageOfPage":{"@id":"https:\/\/www.visionlarge.ch\/Blog\/chamonix-mont-blanc\/#primaryimage"},"image":{"@id":"https:\/\/www.visionlarge.ch\/Blog\/chamonix-mont-blanc\/#primaryimage"},"thumbnailUrl":"https:\/\/www.visionlarge.ch\/Blog\/wp-content\/uploads\/ChamonixFrance2025-86-scaled.jpg","datePublished":"2025-09-10T07:46:10+00:00","dateModified":"2026-03-29T09:52:57+00:00","description":"Visionlarge.ch","breadcrumb":{"@id":"https:\/\/www.visionlarge.ch\/Blog\/chamonix-mont-blanc\/#breadcrumb"},"inLanguage":"fr-FR","potentialAction":[{"@type":"ReadAction","target":["https:\/\/www.visionlarge.ch\/Blog\/chamonix-mont-blanc\/"]}]},{"@type":"ImageObject","inLanguage":"fr-FR","@id":"https:\/\/www.visionlarge.ch\/Blog\/chamonix-mont-blanc\/#primaryimage","url":"https:\/\/www.visionlarge.ch\/Blog\/wp-content\/uploads\/ChamonixFrance2025-86-scaled.jpg","contentUrl":"https:\/\/www.visionlarge.ch\/Blog\/wp-content\/uploads\/ChamonixFrance2025-86-scaled.jpg","width":2560,"height":1747,"caption":"Canon EOS R, Canon 24-105 F4 L IS"},{"@type":"BreadcrumbList","@id":"https:\/\/www.visionlarge.ch\/Blog\/chamonix-mont-blanc\/#breadcrumb","itemListElement":[{"@type":"ListItem","position":1,"name":"Accueil","item":"https:\/\/www.visionlarge.ch\/Blog\/"},{"@type":"ListItem","position":2,"name":"Chamonix-Mont-Blanc"}]},{"@type":"WebSite","@id":"https:\/\/www.visionlarge.ch\/Blog\/#website","url":"https:\/\/www.visionlarge.ch\/Blog\/","name":"Bovard Alain, mon blog photo","description":"C&#039;est toujours plus beau en visionlarge...","publisher":{"@id":"https:\/\/www.visionlarge.ch\/Blog\/#\/schema\/person\/b1280adcf8dd414efb101660dca80274"},"alternateName":"visionlarge","potentialAction":[{"@type":"SearchAction","target":{"@type":"EntryPoint","urlTemplate":"https:\/\/www.visionlarge.ch\/Blog\/?s={search_term_string}"},"query-input":{"@type":"PropertyValueSpecification","valueRequired":true,"valueName":"search_term_string"}}],"inLanguage":"fr-FR"},{"@type":["Person","Organization"],"@id":"https:\/\/www.visionlarge.ch\/Blog\/#\/schema\/person\/b1280adcf8dd414efb101660dca80274","name":"Visionlarge","image":{"@type":"ImageObject","inLanguage":"fr-FR","@id":"https:\/\/secure.gravatar.com\/avatar\/5a4cf7a2f94117044ce51a4d732d4e9e02f76cc87fa0508945a18215c8a0613b?s=96&d=mm&r=g","url":"https:\/\/secure.gravatar.com\/avatar\/5a4cf7a2f94117044ce51a4d732d4e9e02f76cc87fa0508945a18215c8a0613b?s=96&d=mm&r=g","contentUrl":"https:\/\/secure.gravatar.com\/avatar\/5a4cf7a2f94117044ce51a4d732d4e9e02f76cc87fa0508945a18215c8a0613b?s=96&d=mm&r=g","caption":"Visionlarge"},"logo":{"@id":"https:\/\/secure.gravatar.com\/avatar\/5a4cf7a2f94117044ce51a4d732d4e9e02f76cc87fa0508945a18215c8a0613b?s=96&d=mm&r=g"},"sameAs":["http:\/\/www.visionlarge.ch\/Blog"],"url":"https:\/\/www.visionlarge.ch\/Blog\/author\/abovard\/"}]}},"_links":{"self":[{"href":"https:\/\/www.visionlarge.ch\/Blog\/wp-json\/wp\/v2\/posts\/10751","targetHints":{"allow":["GET"]}}],"collection":[{"href":"https:\/\/www.visionlarge.ch\/Blog\/wp-json\/wp\/v2\/posts"}],"about":[{"href":"https:\/\/www.visionlarge.ch\/Blog\/wp-json\/wp\/v2\/types\/post"}],"author":[{"embeddable":true,"href":"https:\/\/www.visionlarge.ch\/Blog\/wp-json\/wp\/v2\/users\/1"}],"replies":[{"embeddable":true,"href":"https:\/\/www.visionlarge.ch\/Blog\/wp-json\/wp\/v2\/comments?post=10751"}],"version-history":[{"count":24,"href":"https:\/\/www.visionlarge.ch\/Blog\/wp-json\/wp\/v2\/posts\/10751\/revisions"}],"predecessor-version":[{"id":11795,"href":"https:\/\/www.visionlarge.ch\/Blog\/wp-json\/wp\/v2\/posts\/10751\/revisions\/11795"}],"wp:featuredmedia":[{"embeddable":true,"href":"https:\/\/www.visionlarge.ch\/Blog\/wp-json\/wp\/v2\/media\/10748"}],"wp:attachment":[{"href":"https:\/\/www.visionlarge.ch\/Blog\/wp-json\/wp\/v2\/media?parent=10751"}],"wp:term":[{"taxonomy":"category","embeddable":true,"href":"https:\/\/www.visionlarge.ch\/Blog\/wp-json\/wp\/v2\/categories?post=10751"},{"taxonomy":"post_tag","embeddable":true,"href":"https:\/\/www.visionlarge.ch\/Blog\/wp-json\/wp\/v2\/tags?post=10751"}],"curies":[{"name":"wp","href":"https:\/\/api.w.org\/{rel}","templated":true}]}}