{"id":10231,"date":"2025-07-17T12:04:39","date_gmt":"2025-07-17T11:04:39","guid":{"rendered":"https:\/\/www.visionlarge.ch\/Blog\/?p=10231"},"modified":"2025-12-24T10:47:23","modified_gmt":"2025-12-24T09:47:23","slug":"quel-format-photo-choisir-en-2025-raw-heif-jpeg-webp-avif-comprendre-comparer-choisir","status":"publish","type":"post","link":"https:\/\/www.visionlarge.ch\/Blog\/quel-format-photo-choisir-en-2025-raw-heif-jpeg-webp-avif-comprendre-comparer-choisir\/","title":{"rendered":"Quel format photo choisir en 2025 ? RAW, HEIF, JPEG, WebP, AVIF : comprendre, comparer, choisir"},"content":{"rendered":"\n<p><em><a href=\"https:\/\/www.visionlarge.ch\/Blog\/gallerie-photos\/\">Mais qui suis-je?<\/a><\/em><\/p>\n\n\n\n<p>Entre les formats historiques comme le JPEG ou le RAW, et l\u2019arriv\u00e9e r\u00e9cente du HEIF dans nos appareils photo (exemple: le petit XS_20 de Fujifilm), choisir le bon format n\u2019est pas toujours simple&#8230; Chaque format a ses forces, ses limites et son domaine d\u2019excellence. C&rsquo;est pourquoi, j&rsquo;ai essay\u00e9 du coup d&rsquo;en faire le tour&#8230;<\/p>\n\n\n\n<div class=\"wp-block-group is-nowrap is-layout-flex wp-container-core-group-is-layout-ad2f72ca wp-block-group-is-layout-flex\"><div class=\"wp-block-image\">\n<figure class=\"aligncenter size-full is-resized\"><img loading=\"lazy\" decoding=\"async\" width=\"1024\" height=\"910\" src=\"https:\/\/www.visionlarge.ch\/Blog\/wp-content\/uploads\/Illustration.jpg\" alt=\"Illustration HEIF\" class=\"wp-image-10260\" style=\"width:64px;height:auto\" srcset=\"https:\/\/www.visionlarge.ch\/Blog\/wp-content\/uploads\/Illustration.jpg 1024w, https:\/\/www.visionlarge.ch\/Blog\/wp-content\/uploads\/Illustration-300x267.jpg 300w, https:\/\/www.visionlarge.ch\/Blog\/wp-content\/uploads\/Illustration-150x133.jpg 150w, https:\/\/www.visionlarge.ch\/Blog\/wp-content\/uploads\/Illustration-768x683.jpg 768w\" sizes=\"auto, (max-width: 1024px) 100vw, 1024px\" \/><\/figure>\n<\/div>\n\n\n<h2 class=\"wp-block-heading\"><strong>RAW : Le n\u00e9gatif num\u00e9rique<\/strong><\/h2>\n<\/div>\n\n\n\n<p>Le RAW est le fichier brut issu du capteur, sans compression destructrice. Il offre une profondeur de couleur de 12 \u00e0 16 bits par canal, soit des milliards de nuances. C\u2019est le format id\u00e9al pour la retouche pouss\u00e9e et l\u2019archivage, car il conserve un maximum d\u2019informations. C&rsquo;est en gros, un n\u00e9gatif num\u00e9rique&#8230; Sans \u00eatre n\u00e9gatif \ud83d\ude09<\/p>\n\n\n\n<p><strong>Avantages :<\/strong><\/p>\n\n\n\n<ul class=\"wp-block-list\">\n<li>Qualit\u00e9 maximale<\/li>\n\n\n\n<li>Aucune compression<\/li>\n\n\n\n<li>Flexibilit\u00e9 en post-traitement<\/li>\n\n\n\n<li>Certaines marques proposent le RAW compress\u00e9 sans perte, rendant ainsi les fichiers parfois assez l\u00e9gers.<\/li>\n<\/ul>\n\n\n\n<p><strong>Inconv\u00e9nients :<\/strong><\/p>\n\n\n\n<ul class=\"wp-block-list\">\n<li>N\u00e9cessite un post-traitement syst\u00e9matique<\/li>\n\n\n\n<li>Fichiers volumineux, sauf si RAW compress\u00e9&#8230; \u00c7a va encore \ud83d\ude09<\/li>\n\n\n\n<li>Besoin d&rsquo;un logiciel permettant le traitement de l&rsquo;image comme Adobe Lightroom ou Camera Raw, mais aussi Darktable, DXO photolab ect&#8230;)<\/li>\n<\/ul>\n\n\n\n<div class=\"wp-block-group is-nowrap is-layout-flex wp-container-core-group-is-layout-ad2f72ca wp-block-group-is-layout-flex\"><div class=\"wp-block-image\">\n<figure class=\"aligncenter size-full is-resized\"><img loading=\"lazy\" decoding=\"async\" width=\"1024\" height=\"910\" src=\"https:\/\/www.visionlarge.ch\/Blog\/wp-content\/uploads\/Illustration.jpg\" alt=\"Illustration HEIF\" class=\"wp-image-10260\" style=\"width:64px;height:auto\" srcset=\"https:\/\/www.visionlarge.ch\/Blog\/wp-content\/uploads\/Illustration.jpg 1024w, https:\/\/www.visionlarge.ch\/Blog\/wp-content\/uploads\/Illustration-300x267.jpg 300w, https:\/\/www.visionlarge.ch\/Blog\/wp-content\/uploads\/Illustration-150x133.jpg 150w, https:\/\/www.visionlarge.ch\/Blog\/wp-content\/uploads\/Illustration-768x683.jpg 768w\" sizes=\"auto, (max-width: 1024px) 100vw, 1024px\" \/><\/figure>\n<\/div>\n\n\n<h2 class=\"wp-block-heading\"><strong>HEIF : Le format photo moderne<\/strong><\/h2>\n<\/div>\n\n\n\n<p>Le HEIF (High Efficiency Image Format) utilise une compression avanc\u00e9e (HEVC) et supporte jusqu\u2019\u00e0 10 bits par canal (environ 1 milliard de couleurs). C&rsquo;est pourquoi, Il offre une meilleure qualit\u00e9 que le JPEG pour un poids de fichier plus l\u00e9ger.<\/p>\n\n\n\n<p>De plus en plus de bo\u00eetiers comme ceux de Fujifilm et Canon permettent d\u00e9sormais de shooter en RAW, JPEG, (TIFF parfois, voir DNG&#8230;) et HEIF. Le R1, R5, R6, R7, R8, R10 et R50 ont cette possibilit\u00e9 avec plusieurs niveaux de compression. Les R et RP ne poss\u00e8dent pas la compression HEIF, dommage..<\/p>\n\n\n\n<p>Ce format est utilis\u00e9 par&nbsp;iOS&nbsp;(depuis sa version 11 et l&rsquo;iPhone 7) pour stocker les images et les s\u00e9quences d\u2019images.<\/p>\n\n\n\n<p>Voir Canon HEIF dont l&rsquo;extension de fichier est&nbsp;<code>.HIF<\/code><\/p>\n\n\n\n<p><a href=\"https:\/\/www.canon.fr\/pro\/infobank\/image-file-types\/\">Voici un lien assez bien expliqu\u00e9 sur le HEIF.<\/a><\/p>\n\n\n\n<h3 class=\"wp-block-heading\">Retour d\u2019exp\u00e9rience personnel<\/h3>\n\n\n\n<p>Sur les bo\u00eetiers qui me le permettent, j\u2019ai opt\u00e9 pour le combo RAW + HEIF. Fujifilm propose cette option depuis certaines mises \u00e0 jour firmware. Mon Canon EOS R, lui, ne la propose pas encore \u2014 mais je peux toujours <strong>exporter en HEIF&#8230;? via les logiciels Adobe&#8230; Ha ben non<\/strong>, pas encore&#8230;<\/p>\n\n\n\n<h3 class=\"wp-block-heading\">Limites actuelles du HEIF<\/h3>\n\n\n\n<p>Le HEIF n\u2019est pas encore universellement compatible :<\/p>\n\n\n\n<ul class=\"wp-block-list\">\n<li>Chez certains imprimeurs<\/li>\n\n\n\n<li>Sur certains logiciels plus anciens<\/li>\n\n\n\n<li>Et dans certains syst\u00e8mes web ou outils professionnels<\/li>\n\n\n\n<li>Pour certains, l&rsquo;affichage peut para\u00eetre mou du genou. Cela d\u00e9pendra de l&rsquo;affichage (moniteur).<\/li>\n\n\n\n<li>Windows : support de base sur les versions r\u00e9centes, mais il faudra installer manuellement le codec HEVC, parfois payant.. ouais c&rsquo;est un peu nul&#8230;<\/li>\n<\/ul>\n\n\n\n<p>Pour l\u2019impression, le fichier HEIF sera souvent converti en JPEG ou TIFF 8 bits, ce qui r\u00e9duit ses avantages en profondeur de couleur. Il reste donc pr\u00e9f\u00e9rable d\u2019utiliser ce format en parall\u00e8le d\u2019un RAW pour s\u00e9curiser l\u2019archivage, retouche, la compatibilit\u00e9.<\/p>\n\n\n\n<p>L&rsquo;HEIF est sous licence, c&rsquo;est un format \u00ab\u00a0propri\u00e9taire\u00a0\u00bb. Il existe d\u00e9j\u00e0 plusieurs \u00ab\u00a0versions\u00a0\u00bb dont des formats \u00ab\u00a0hdr\u00a0\u00bb par exemple chez Canon. Le PQ, qui visiblement n\u00e9cessite un moniteur HDR. Cela d\u00e9pend comme l&rsquo;image est encod\u00e9e&#8230;<\/p>\n\n\n\n<p>On ne sait finalement pas, si ce format dans le temps perdurera. C&rsquo;est un peu un risque&#8230;<\/p>\n\n\n<div class=\"wp-block-image\">\n<figure data-wp-context=\"{&quot;imageId&quot;:&quot;69f775dc68bae&quot;}\" data-wp-interactive=\"core\/image\" data-wp-key=\"69f775dc68bae\" class=\"aligncenter size-large wp-lightbox-container\"><img loading=\"lazy\" decoding=\"async\" width=\"2000\" height=\"1333\" data-wp-class--hide=\"state.isContentHidden\" data-wp-class--show=\"state.isContentVisible\" data-wp-init=\"callbacks.setButtonStyles\" data-wp-on--click=\"actions.showLightbox\" data-wp-on--load=\"callbacks.setButtonStyles\" data-wp-on-window--resize=\"callbacks.setButtonStyles\" src=\"https:\/\/www.visionlarge.ch\/Blog\/wp-content\/uploads\/sans-titre-2-2000x1333.jpg\" alt=\"\" class=\"wp-image-10374\" srcset=\"https:\/\/www.visionlarge.ch\/Blog\/wp-content\/uploads\/sans-titre-2-2000x1333.jpg 2000w, https:\/\/www.visionlarge.ch\/Blog\/wp-content\/uploads\/sans-titre-2-300x200.jpg 300w, https:\/\/www.visionlarge.ch\/Blog\/wp-content\/uploads\/sans-titre-2-150x100.jpg 150w, https:\/\/www.visionlarge.ch\/Blog\/wp-content\/uploads\/sans-titre-2-768x512.jpg 768w, https:\/\/www.visionlarge.ch\/Blog\/wp-content\/uploads\/sans-titre-2-1536x1024.jpg 1536w, https:\/\/www.visionlarge.ch\/Blog\/wp-content\/uploads\/sans-titre-2-2048x1365.jpg 2048w\" sizes=\"auto, (max-width: 2000px) 100vw, 2000px\" \/><button\n\t\t\tclass=\"lightbox-trigger\"\n\t\t\ttype=\"button\"\n\t\t\taria-haspopup=\"dialog\"\n\t\t\taria-label=\"Agrandir\"\n\t\t\tdata-wp-init=\"callbacks.initTriggerButton\"\n\t\t\tdata-wp-on--click=\"actions.showLightbox\"\n\t\t\tdata-wp-style--right=\"state.imageButtonRight\"\n\t\t\tdata-wp-style--top=\"state.imageButtonTop\"\n\t\t>\n\t\t\t<svg xmlns=\"http:\/\/www.w3.org\/2000\/svg\" width=\"12\" height=\"12\" fill=\"none\" viewBox=\"0 0 12 12\">\n\t\t\t\t<path fill=\"#fff\" d=\"M2 0a2 2 0 0 0-2 2v2h1.5V2a.5.5 0 0 1 .5-.5h2V0H2Zm2 10.5H2a.5.5 0 0 1-.5-.5V8H0v2a2 2 0 0 0 2 2h2v-1.5ZM8 12v-1.5h2a.5.5 0 0 0 .5-.5V8H12v2a2 2 0 0 1-2 2H8Zm2-12a2 2 0 0 1 2 2v2h-1.5V2a.5.5 0 0 0-.5-.5H8V0h2Z\" \/>\n\t\t\t<\/svg>\n\t\t<\/button><figcaption class=\"wp-element-caption\">Version jpg, tir\u00e9e du HIF.<\/figcaption><\/figure>\n<\/div>\n\n\n<div class=\"wp-block-group is-nowrap is-layout-flex wp-container-core-group-is-layout-ad2f72ca wp-block-group-is-layout-flex\"><div class=\"wp-block-image\">\n<figure class=\"aligncenter size-full is-resized\"><img loading=\"lazy\" decoding=\"async\" width=\"1024\" height=\"910\" src=\"https:\/\/www.visionlarge.ch\/Blog\/wp-content\/uploads\/Illustration.jpg\" alt=\"Illustration HEIF\" class=\"wp-image-10260\" style=\"width:64px;height:auto\" srcset=\"https:\/\/www.visionlarge.ch\/Blog\/wp-content\/uploads\/Illustration.jpg 1024w, https:\/\/www.visionlarge.ch\/Blog\/wp-content\/uploads\/Illustration-300x267.jpg 300w, https:\/\/www.visionlarge.ch\/Blog\/wp-content\/uploads\/Illustration-150x133.jpg 150w, https:\/\/www.visionlarge.ch\/Blog\/wp-content\/uploads\/Illustration-768x683.jpg 768w\" sizes=\"auto, (max-width: 1024px) 100vw, 1024px\" \/><\/figure>\n<\/div>\n\n\n<h2 class=\"wp-block-heading\"><strong>JPEG : Le format universel<\/strong><\/h2>\n<\/div>\n\n\n\n<p>Le JPEG est le format le plus r\u00e9pandu, avec une profondeur de 8 bits par canal (environ 16,7 millions de couleurs). Sa compression avec perte est plus destructrice que le HEIF, mais sa compatibilit\u00e9 est totale.<\/p>\n\n\n\n<p><strong>Avantages :<\/strong><\/p>\n\n\n\n<ul class=\"wp-block-list\">\n<li>Compatibilit\u00e9 universelle<\/li>\n\n\n\n<li>Taille de fichier r\u00e9duite<\/li>\n\n\n\n<li>Facilit\u00e9 d&rsquo;utilisation<\/li>\n<\/ul>\n\n\n\n<p><strong>Inconv\u00e9nients :<\/strong><\/p>\n\n\n\n<ul class=\"wp-block-list\">\n<li>Compression destructive<\/li>\n\n\n\n<li>Qualit\u00e9 inf\u00e9rieure au HEIF, TIFF et RAW<\/li>\n<\/ul>\n\n\n\n<p>C\u2019est le format privil\u00e9gi\u00e9 pour :<\/p>\n\n\n\n<ul class=\"wp-block-list\">\n<li>La diffusion rapide<\/li>\n\n\n\n<li>L\u2019impression grand public<\/li>\n\n\n\n<li>Les usages o\u00f9 la compatibilit\u00e9 prime sur la qualit\u00e9 maximale<\/li>\n<\/ul>\n\n\n\n<p>Dans de nombreux cas, un JPEG bien expos\u00e9 et bien trait\u00e9 suffit largement, notamment pour l\u2019impression.<\/p>\n\n\n\n<h2 class=\"wp-block-heading\"><strong>Le TIFF ou TIF.<\/strong><\/h2>\n\n\n\n<p>Ce format \u00e0 l\u2019avantage de ne pas \u00eatre compress\u00e9 et d\u2019accepter les zones de transparence, les masques, ect&#8230; (Dans certains cas, aujourd&rsquo;hui, le tiff peut \u00eatre compress\u00e9 via un logiciel). Cela permet de n\u2019avoir aucune perte de qualit\u00e9 et de garder un maximum de d\u00e9tails (pour le 16 bits), ce qui lui donne un avantage, par exemple, pour la r\u00e9alisation d\u2019un imprim\u00e9 professionnel.<\/p>\n\n\n\n<p><strong>Avantages :<\/strong><\/p>\n\n\n\n<ul class=\"wp-block-list\">\n<li>Compatibilit\u00e9 pour l&rsquo;impression<\/li>\n\n\n\n<li>Grande qualit\u00e9 lorsqu&rsquo;il est non compress\u00e9<\/li>\n\n\n\n<li>Format 8 bits et 16bits<\/li>\n<\/ul>\n\n\n\n<p><strong>Inconv\u00e9nients :<\/strong><\/p>\n\n\n\n<ul class=\"wp-block-list\">\n<li>Lourds<\/li>\n\n\n\n<li>Pas utilisable pour le Web.<\/li>\n<\/ul>\n\n\n\n<p>C\u2019est le format privil\u00e9gi\u00e9 pour :<\/p>\n\n\n\n<ul class=\"wp-block-list\">\n<li>L&rsquo;impression de qualit\u00e9<\/li>\n\n\n\n<li>L\u2019impression grand public<\/li>\n\n\n\n<li>Les usages o\u00f9 la qualit\u00e9 doit \u00eatre gard\u00e9e tout en \u00e9tant compatible avec les diff\u00e9rentes plateformes et programmes.<\/li>\n\n\n\n<li>Sauvegarde ne d\u00e9pendant pas d&rsquo;une norme RAW.<\/li>\n<\/ul>\n\n\n\n<h2 class=\"wp-block-heading\">WebP et AVIF : Les formats du web moderne<\/h2>\n\n\n\n<p>Cela dit, m\u00eame s\u2019ils ne sont pas issus directement de nos bo\u00eetiers photo, WebP et AVIF sont devenus incontournables pour l\u2019optimisation des images sur internet.<\/p>\n\n\n\n<p><strong>WebP :<\/strong><\/p>\n\n\n\n<ul class=\"wp-block-list\">\n<li>Compression efficace en 8 bits<\/li>\n\n\n\n<li>Supporte la transparence et les animations<\/li>\n<\/ul>\n\n\n\n<p><strong>AVIF :<\/strong><\/p>\n\n\n\n<ul class=\"wp-block-list\">\n<li>Format plus r\u00e9cent et performant<\/li>\n\n\n\n<li>Jusqu\u2019\u00e0 12 bits par canal<\/li>\n\n\n\n<li>Supporte le HDR<\/li>\n\n\n\n<li>Compression encore meilleure que WebP<\/li>\n<\/ul>\n\n\n\n<p>Sur le site visionlarge.ch, j\u2019utilise principalement le format WebP pour ses avantages en poids et performance, mais je fournis \u00e9galement le JPEG en fallback pour les navigateurs qui ne le supportent pas encore totalement.<br \/><strong><em><a href=\"https:\/\/www.visionlarge.ch\/Blog\/chamonix-mont-blanc\/\">D&rsquo;ailleurs, tu peux passer sur un de mes articles, par exemple ma petite visite \u00e9clair dans la r\u00e9gion de Chamonix! C&rsquo;est ici!<\/a><\/em><\/strong><\/p>\n\n\n\n<h3 class=\"wp-block-heading\">\u00c0 savoir<\/h3>\n\n\n\n<p>Tous les navigateurs ne sont pas encore parfaitement compatibles avec ces formats. Il est donc fr\u00e9quent d\u2019utiliser un syst\u00e8me de d\u00e9tection automatique pour proposer un JPEG en remplacement lorsque n\u00e9cessaire. Cette approche permet d\u2019allier performance web et compatibilit\u00e9 universelle.<\/p>\n\n\n\n<p>Ces formats sont id\u00e9aux pour la diffusion web, mais pas encore adopt\u00e9s pour la capture photo ou les flux professionnels d\u2019impression.<\/p>\n\n\n\n<h2 class=\"wp-block-heading\">Impression : Pourquoi 8 bits suffisent souvent<\/h2>\n\n\n\n<p>La plupart des imprimantes, m\u00eame professionnelles, ne peuvent pas reproduire la profondeur de couleur d\u2019un fichier RAW ou TIFF 16 bits. En effet, elles fonctionnent majoritairement en 8 bits par canal, soit environ 16,7 millions de couleurs.<\/p>\n\n\n\n<p>Cela signifie que, m\u00eame si vous travaillez en 16 bits pour la retouche, le fichier final destin\u00e9 \u00e0 l\u2019impression \u00ab\u00a0on va dire amateur ou de qualit\u00e9 standard* sera g\u00e9n\u00e9ralement converti en 8 bits. Bien sur, certaines impressions de hautes qualit\u00e9s peuvent faire la demande d&rsquo;un fichier Tiff 16bit ou PDF\/X.<\/p>\n\n\n\n<p>Mais, un bon JPEG ou un TIFF 8 bits bien pr\u00e9par\u00e9 peut suffire pour la majorit\u00e9 des impressions, notamment dans un contexte non sp\u00e9cialis\u00e9.<\/p>\n\n\n\n<h2 class=\"wp-block-heading\">Profils couleur et compatibilit\u00e9 logicielle : un point important pour certains.<\/h2>\n\n\n\n<p>Pour tirer pleinement parti des profils couleur sp\u00e9cifiques des bo\u00eetiers, notamment chez Fujifilm, beaucoup d\u2019utilisateurs choisissent de shooter en JPEG plut\u00f4t qu\u2019en RAW, car les logiciels comme Lightroom ne g\u00e8rent pas encore parfaitement le d\u00e9matri\u00e7age et les profils couleur Fujifilm. Le rendu des couleurs et les nuances ne sont donc pas toujours fid\u00e8les dans les logiciels de post-traitement.<\/p>\n\n\n\n<p>L\u2019HEIF propose une qualit\u00e9 sup\u00e9rieure au JPEG et conserve plus d\u2019informations, mais reste moins compatible et donc moins facile \u00e0 partager.<\/p>\n\n\n\n<p>Cependant, m\u00eame chez Canon, les profils couleur ne sont pas toujours parfaitement restitu\u00e9s par Lightroom, ce qui pousse les puristes \u00e0 utiliser les logiciels propri\u00e9taires du fabricant pour obtenir le rendu exact souhait\u00e9.<\/p>\n\n\n\n<h2 class=\"wp-block-heading\">Quelle strat\u00e9gie adopter ?<\/h2>\n\n\n\n<ul class=\"wp-block-list\">\n<li><strong>Photographiez en RAW<\/strong>&nbsp;pour b\u00e9n\u00e9ficier de la meilleure qualit\u00e9 et flexibilit\u00e9.<\/li>\n\n\n\n<li><strong>Activez le HEIF<\/strong>&nbsp;si votre bo\u00eetier le propose, pour des fichiers l\u00e9gers et qualitatifs en sauvegarde de vos RAW&rsquo;s.<\/li>\n\n\n\n<li><strong>Conservez les fichiers RAW<\/strong>&nbsp;pour l\u2019archivage et\/ou les retouches avanc\u00e9es.<\/li>\n\n\n\n<li><strong>Exportez en JPEG<\/strong>&nbsp;pour l\u2019impression, le partage ou la livraison client.<\/li>\n\n\n\n<li><em><strong>(Pour vos sites web, privil\u00e9giez WebP ou AVIF<\/strong>&nbsp;selon la compatibilit\u00e9 des plateformes. Mais ne <strong>n\u00e9gligez pas le JPG<\/strong>&#8230; Car pour les sites non compatibles, il vous faudra bien afficher quelque chose&#8230; <strong>)<\/strong><\/em><\/li>\n<\/ul>\n\n\n<div class=\"wp-block-image\">\n<figure class=\"aligncenter size-full\"><img loading=\"lazy\" decoding=\"async\" width=\"1520\" height=\"855\" src=\"https:\/\/www.visionlarge.ch\/Blog\/wp-content\/uploads\/formatEnregistrement.jpg\" alt=\"\" class=\"wp-image-10257\" srcset=\"https:\/\/www.visionlarge.ch\/Blog\/wp-content\/uploads\/formatEnregistrement.jpg 1520w, https:\/\/www.visionlarge.ch\/Blog\/wp-content\/uploads\/formatEnregistrement-300x169.jpg 300w, https:\/\/www.visionlarge.ch\/Blog\/wp-content\/uploads\/formatEnregistrement-150x84.jpg 150w, https:\/\/www.visionlarge.ch\/Blog\/wp-content\/uploads\/formatEnregistrement-768x432.jpg 768w\" sizes=\"auto, (max-width: 1520px) 100vw, 1520px\" \/><\/figure>\n<\/div>\n\n\n<h2 class=\"wp-block-heading\">En r\u00e9sum\u00e9&#8230;<\/h2>\n\n\n\n<h3 class=\"wp-block-heading\">Formats d&rsquo;enregistrements<\/h3>\n\n\n\n<figure class=\"wp-block-table\"><table class=\"has-fixed-layout\"><thead><tr><th>Format<\/th><th>Profondeur de couleur<\/th><th>Usage id\u00e9al<\/th><\/tr><\/thead><tbody><tr><td>RAW<\/td><td>12\u201316 bits par canal (~68 milliards de couleurs)<\/td><td><span style=\"caret-color: rgb(0, 0, 0); color: rgb(0, 0, 0); font-family: -webkit-standard; font-size: medium; white-space: normal;\">Qualit\u00e9 maximale, retouche, archivage<\/span><\/td><\/tr><tr><td>HEIF, HEIC<\/td><td>10 bits par canal (~1 milliard de couleurs)<\/td><td>Bon compromis qualit\u00e9\/poids.<br \/>Cela dit, attention tout de m\u00eame, il existe plusieurs versions dont les PQ de Canon.<\/td><\/tr><tr><td>JPEG, JPG<\/td><td>8 bits par canal (~16,7 millions de couleurs)<\/td><td>Universel, rapide, tr\u00e8s compatible<\/td><\/tr><tr><td>TIFF (TIF)<\/td><td>8-16 bits par canal (en gros, ~ une chi\u00e9e de milliards de couleurs comme le RAW pour le 16 Bits)<\/td><td>Compatible, qualit\u00e9 maximale (16bits), retouche (16bits), archivage (16bits), supporte les masques, la transparence<\/td><\/tr><\/tbody><\/table><\/figure>\n\n\n\n<h3 class=\"wp-block-heading\">Formats web (hors appareils photo)<\/h3>\n\n\n\n<figure class=\"wp-block-table\"><table class=\"has-fixed-layout\"><thead><tr><th>Format<\/th><th>Profondeur de couleur<\/th><th>Usage id\u00e9al<\/th><\/tr><\/thead><tbody><tr><td>WebP<\/td><td>8 bits par canal<\/td><td>Optimisation web<\/td><\/tr><tr><td>AVIF<\/td><td>Jusqu\u2019\u00e0 12 bits par canal<\/td><td>Futur web performant<\/td><\/tr><\/tbody><\/table><\/figure>\n\n\n\n<h2 class=\"wp-block-heading\">Autres formats, comme \u00e7a&#8230;<\/h2>\n\n\n\n<ul class=\"wp-block-list\">\n<li><em>SVG&nbsp;: Format vectoriel, id\u00e9al pour logos ou ic\u00f4nes redimensionnables.<\/em><\/li>\n\n\n\n<li><em>EPS&nbsp;: Format vectoriel souvent demand\u00e9 en impression professionnelle.<\/em><\/li>\n\n\n\n<li><strong>TIFF<\/strong>&nbsp;: Format sans perte, en 8 ou 16 bits, adapt\u00e9 \u00e0 la post-production.<\/li>\n\n\n\n<li><strong>PNG<\/strong>&nbsp;: Supporte la transparence, adapt\u00e9 au web, mais plus lourd que JPEG.<\/li>\n\n\n\n<li><strong>GIF<\/strong>&nbsp;: Pour les animations simples, mais limit\u00e9 en qualit\u00e9.<\/li>\n<\/ul>\n\n\n\n<blockquote class=\"wp-block-quote is-layout-flow wp-block-quote-is-layout-flow\">\n<p><strong><em><a href=\"https:\/\/www.visionlarge.ch\/Blog\/4-types-dobturateurs\/\">Vous aimez les formats techniques. Prenez le temps de lire mon article sur les obturateurs! C&rsquo;est ici<\/a><\/em><\/strong><\/p>\n<\/blockquote>\n\n\n\n<h2 class=\"wp-block-heading\"><strong>Conclusion<\/strong><\/h2>\n\n\n\n<p><strong>L&rsquo;HEIF, c&rsquo;est encore compliqu\u00e9&#8230; Mais cela vient gentiment&#8230;<\/strong><\/p>\n\n\n\n<p>Le choix du format d\u00e9pend avant tout de votre usage et de votre cha\u00eene de traitement. Pour une qualit\u00e9 maximale et une retouche pouss\u00e9e, le RAW reste, pour moi, incontournable. Le HEIF, r\u00e9cemment introduit dans certains bo\u00eetiers, propose un excellent compromis entre qualit\u00e9 et l\u00e9g\u00e8ret\u00e9, mais demande encore \u00e0 \u00eatre adopt\u00e9 plus largement. Sous Windows ou Linux, il va falloir encore attendre que le codec soit support\u00e9 nativement&#8230;. Dommage. <\/p>\n\n\n\n<p>Mais en attendant, vous pouvez t\u00e9l\u00e9charger pour windows le codec ici:  <a href=\"https:\/\/apps.microsoft.com\/detail\/9pmmsr1cgpwg?ocid=webpdpshare\"><strong>Extension d\u2019image HEIF<\/strong><\/a><br \/>sur App Store de Microsoft, ou <strong><a href=\"https:\/\/apps.microsoft.com\/search?query=heif&amp;hl=fr-FR&amp;gl=CH\">faites une recherche sur App Store sur HEIF<\/a>: <\/strong><\/p>\n\n\n\n<p>Pour la compatibilit\u00e9 universelle, le <strong>JPEG reste pour l&rsquo;instant une r\u00e9f\u00e9rence.<\/strong> Et pour la publication web, WebP et AVIF s\u2019imposent de plus en plus.<\/p>\n\n\n\n<p>En 2025, les formats photo \u00e9voluent constamment, mais une chose reste vraie : bien conna\u00eetre vos outils et anticiper vos usages est la meilleure fa\u00e7on de faire le bon choix. A chacun son format! Celui qui convient \u00e0 vos attentes sera le meilleur!<\/p>\n\n\n\n<p><strong>Et toi? Qu&rsquo;en penses-tu ?<\/strong><\/p>\n\n\n\n<p><strong>Et n\u2019oubliez pas, il peut \u00eatre tentant de prendre une image sur le Net, car c\u2019est facile<\/strong>. <strong>Mais c\u2019est pas tr\u00e8s cool comme d\u00e9marche. Veuillez respecter mes images ainsi que le travail fourni pour les r\u00e9aliser<\/strong>. <strong>M\u00eame si l\u00e0 du coup\u2026 vous pouvez penser qu\u2019il n\u2019y a pas que des p\u00e9pites\u2026Voir m\u00eame aucune.. Merci!<\/strong><\/p>\n\n\n\n<p><\/p>\n","protected":false},"excerpt":{"rendered":"<p>Mais qui suis-je? Entre les formats historiques comme le JPEG ou le RAW, et l\u2019arriv\u00e9e r\u00e9cente du HEIF dans nos appareils photo (exemple: le petit XS_20 de Fujifilm), choisir le bon format n\u2019est pas toujours simple&#8230; Chaque format a ses forces, ses limites et son domaine d\u2019excellence. C&rsquo;est pourquoi, j&rsquo;ai&#8230;<\/p>\n<div class=\"more-link-wrapper\"><a class=\"more-link\" href=\"https:\/\/www.visionlarge.ch\/Blog\/quel-format-photo-choisir-en-2025-raw-heif-jpeg-webp-avif-comprendre-comparer-choisir\/\">La suite? C&#039;est par l\u00e0!<span class=\"screen-reader-text\">Quel format photo choisir en 2025 ? RAW, HEIF, JPEG, WebP, AVIF : comprendre, comparer, choisir<\/span><\/a><\/div>\n","protected":false},"author":1,"featured_media":10238,"comment_status":"open","ping_status":"open","sticky":false,"template":"","format":"standard","meta":{"footnotes":""},"categories":[6],"tags":[1140,1148,1137,1147,1142,1144,1133,1136,1134,1132,1138,1145,1149,1146,876,1141,1143,1139,1135],"class_list":["post-10231","post","type-post","status-publish","format-standard","has-post-thumbnail","hentry","category-tutos","tag-avif","tag-compatibilite-format","tag-compression-image","tag-export-web","tag-format-canon","tag-format-fujifilm","tag-format-photo-2025","tag-heif","tag-impression-photo","tag-jpeg","tag-pdf-x","tag-photo-numerique","tag-profondeur-couleur","tag-qualite-image","tag-raw","tag-retouche-photo","tag-simulation-film","tag-tiff-16-bits","tag-webp","excerpt","zoom","full-without-featured","even","excerpt-0"],"yoast_head":"<!-- This site is optimized with the Yoast SEO plugin v27.5 - https:\/\/yoast.com\/product\/yoast-seo-wordpress\/ -->\n<title>Quel format photo choisir en 2025 ? RAW, HEIF, JPEG, WebP, AVIF : comprendre, comparer, choisir &#8212; Visionlarge.ch<\/title>\n<meta name=\"description\" content=\"Visionlarge.ch\" \/>\n<meta name=\"robots\" content=\"index, follow, max-snippet:-1, max-image-preview:large, max-video-preview:-1\" \/>\n<link rel=\"canonical\" href=\"https:\/\/www.visionlarge.ch\/Blog\/quel-format-photo-choisir-en-2025-raw-heif-jpeg-webp-avif-comprendre-comparer-choisir\/\" \/>\n<meta property=\"og:locale\" content=\"fr_FR\" \/>\n<meta property=\"og:type\" content=\"article\" \/>\n<meta property=\"og:title\" content=\"Quel format photo choisir en 2025 ? RAW, HEIF, JPEG, WebP, AVIF : comprendre, comparer, choisir &#8212; Visionlarge.ch\" \/>\n<meta property=\"og:url\" content=\"https:\/\/www.visionlarge.ch\/Blog\/quel-format-photo-choisir-en-2025-raw-heif-jpeg-webp-avif-comprendre-comparer-choisir\/\" \/>\n<meta property=\"og:site_name\" content=\"Visionlarge.ch\" \/>\n<meta property=\"article:published_time\" content=\"2025-07-17T11:04:39+00:00\" \/>\n<meta property=\"article:modified_time\" content=\"2025-12-24T09:47:23+00:00\" \/>\n<meta property=\"og:image\" content=\"https:\/\/www.visionlarge.ch\/Blog\/wp-content\/uploads\/Reglages-de-qualite-de-lappareil-photo.png\" \/>\n\t<meta property=\"og:image:width\" content=\"1536\" \/>\n\t<meta property=\"og:image:height\" content=\"1024\" \/>\n\t<meta property=\"og:image:type\" content=\"image\/png\" \/>\n<meta name=\"author\" content=\"Visionlarge\" \/>\n<meta name=\"twitter:card\" content=\"summary_large_image\" \/>\n<meta name=\"twitter:creator\" content=\"@visionlarge\" \/>\n<meta name=\"twitter:site\" content=\"@visionlarge\" \/>\n<meta name=\"twitter:label1\" content=\"\u00c9crit par\" \/>\n\t<meta name=\"twitter:data1\" content=\"Visionlarge\" \/>\n\t<meta name=\"twitter:label2\" content=\"Dur\u00e9e de lecture estim\u00e9e\" \/>\n\t<meta name=\"twitter:data2\" content=\"10 minutes\" \/>\n<script type=\"application\/ld+json\" class=\"yoast-schema-graph\">{\"@context\":\"https:\\\/\\\/schema.org\",\"@graph\":[{\"@type\":\"Article\",\"@id\":\"https:\\\/\\\/www.visionlarge.ch\\\/Blog\\\/quel-format-photo-choisir-en-2025-raw-heif-jpeg-webp-avif-comprendre-comparer-choisir\\\/#article\",\"isPartOf\":{\"@id\":\"https:\\\/\\\/www.visionlarge.ch\\\/Blog\\\/quel-format-photo-choisir-en-2025-raw-heif-jpeg-webp-avif-comprendre-comparer-choisir\\\/\"},\"author\":{\"name\":\"Visionlarge\",\"@id\":\"https:\\\/\\\/www.visionlarge.ch\\\/Blog\\\/#\\\/schema\\\/person\\\/b1280adcf8dd414efb101660dca80274\"},\"headline\":\"Quel format photo choisir en 2025 ? RAW, HEIF, JPEG, WebP, AVIF : comprendre, comparer, choisir\",\"datePublished\":\"2025-07-17T11:04:39+00:00\",\"dateModified\":\"2025-12-24T09:47:23+00:00\",\"mainEntityOfPage\":{\"@id\":\"https:\\\/\\\/www.visionlarge.ch\\\/Blog\\\/quel-format-photo-choisir-en-2025-raw-heif-jpeg-webp-avif-comprendre-comparer-choisir\\\/\"},\"wordCount\":1856,\"commentCount\":2,\"publisher\":{\"@id\":\"https:\\\/\\\/www.visionlarge.ch\\\/Blog\\\/#\\\/schema\\\/person\\\/b1280adcf8dd414efb101660dca80274\"},\"image\":{\"@id\":\"https:\\\/\\\/www.visionlarge.ch\\\/Blog\\\/quel-format-photo-choisir-en-2025-raw-heif-jpeg-webp-avif-comprendre-comparer-choisir\\\/#primaryimage\"},\"thumbnailUrl\":\"https:\\\/\\\/www.visionlarge.ch\\\/Blog\\\/wp-content\\\/uploads\\\/Reglages-de-qualite-de-lappareil-photo.png\",\"keywords\":[\"AVIF\",\"compatibilit\u00e9 format\",\"compression image\",\"export web\",\"format Canon\",\"format Fujifilm\",\"format photo 2025\",\"HEIF\",\"impression photo\",\"JPEG\",\"PDF\\\/X\",\"photo num\u00e9rique\",\"profondeur couleur\",\"qualit\u00e9 image\",\"raw\",\"retouche photo\",\"simulation film\",\"TIFF 16 bits\",\"WebP\"],\"articleSection\":[\"Tutos\"],\"inLanguage\":\"fr-FR\",\"potentialAction\":[{\"@type\":\"CommentAction\",\"name\":\"Comment\",\"target\":[\"https:\\\/\\\/www.visionlarge.ch\\\/Blog\\\/quel-format-photo-choisir-en-2025-raw-heif-jpeg-webp-avif-comprendre-comparer-choisir\\\/#respond\"]}]},{\"@type\":\"WebPage\",\"@id\":\"https:\\\/\\\/www.visionlarge.ch\\\/Blog\\\/quel-format-photo-choisir-en-2025-raw-heif-jpeg-webp-avif-comprendre-comparer-choisir\\\/\",\"url\":\"https:\\\/\\\/www.visionlarge.ch\\\/Blog\\\/quel-format-photo-choisir-en-2025-raw-heif-jpeg-webp-avif-comprendre-comparer-choisir\\\/\",\"name\":\"Quel format photo choisir en 2025 ? RAW, HEIF, JPEG, WebP, AVIF : comprendre, comparer, choisir &#8212; Visionlarge.ch\",\"isPartOf\":{\"@id\":\"https:\\\/\\\/www.visionlarge.ch\\\/Blog\\\/#website\"},\"primaryImageOfPage\":{\"@id\":\"https:\\\/\\\/www.visionlarge.ch\\\/Blog\\\/quel-format-photo-choisir-en-2025-raw-heif-jpeg-webp-avif-comprendre-comparer-choisir\\\/#primaryimage\"},\"image\":{\"@id\":\"https:\\\/\\\/www.visionlarge.ch\\\/Blog\\\/quel-format-photo-choisir-en-2025-raw-heif-jpeg-webp-avif-comprendre-comparer-choisir\\\/#primaryimage\"},\"thumbnailUrl\":\"https:\\\/\\\/www.visionlarge.ch\\\/Blog\\\/wp-content\\\/uploads\\\/Reglages-de-qualite-de-lappareil-photo.png\",\"datePublished\":\"2025-07-17T11:04:39+00:00\",\"dateModified\":\"2025-12-24T09:47:23+00:00\",\"description\":\"Visionlarge.ch\",\"breadcrumb\":{\"@id\":\"https:\\\/\\\/www.visionlarge.ch\\\/Blog\\\/quel-format-photo-choisir-en-2025-raw-heif-jpeg-webp-avif-comprendre-comparer-choisir\\\/#breadcrumb\"},\"inLanguage\":\"fr-FR\",\"potentialAction\":[{\"@type\":\"ReadAction\",\"target\":[\"https:\\\/\\\/www.visionlarge.ch\\\/Blog\\\/quel-format-photo-choisir-en-2025-raw-heif-jpeg-webp-avif-comprendre-comparer-choisir\\\/\"]}]},{\"@type\":\"ImageObject\",\"inLanguage\":\"fr-FR\",\"@id\":\"https:\\\/\\\/www.visionlarge.ch\\\/Blog\\\/quel-format-photo-choisir-en-2025-raw-heif-jpeg-webp-avif-comprendre-comparer-choisir\\\/#primaryimage\",\"url\":\"https:\\\/\\\/www.visionlarge.ch\\\/Blog\\\/wp-content\\\/uploads\\\/Reglages-de-qualite-de-lappareil-photo.png\",\"contentUrl\":\"https:\\\/\\\/www.visionlarge.ch\\\/Blog\\\/wp-content\\\/uploads\\\/Reglages-de-qualite-de-lappareil-photo.png\",\"width\":1536,\"height\":1024},{\"@type\":\"BreadcrumbList\",\"@id\":\"https:\\\/\\\/www.visionlarge.ch\\\/Blog\\\/quel-format-photo-choisir-en-2025-raw-heif-jpeg-webp-avif-comprendre-comparer-choisir\\\/#breadcrumb\",\"itemListElement\":[{\"@type\":\"ListItem\",\"position\":1,\"name\":\"Accueil\",\"item\":\"https:\\\/\\\/www.visionlarge.ch\\\/Blog\\\/\"},{\"@type\":\"ListItem\",\"position\":2,\"name\":\"Quel format photo choisir en 2025 ? RAW, HEIF, JPEG, WebP, AVIF : comprendre, comparer, choisir\"}]},{\"@type\":\"WebSite\",\"@id\":\"https:\\\/\\\/www.visionlarge.ch\\\/Blog\\\/#website\",\"url\":\"https:\\\/\\\/www.visionlarge.ch\\\/Blog\\\/\",\"name\":\"Bovard Alain, mon blog photo\",\"description\":\"C&#039;est toujours plus beau en visionlarge...\",\"publisher\":{\"@id\":\"https:\\\/\\\/www.visionlarge.ch\\\/Blog\\\/#\\\/schema\\\/person\\\/b1280adcf8dd414efb101660dca80274\"},\"alternateName\":\"visionlarge\",\"potentialAction\":[{\"@type\":\"SearchAction\",\"target\":{\"@type\":\"EntryPoint\",\"urlTemplate\":\"https:\\\/\\\/www.visionlarge.ch\\\/Blog\\\/?s={search_term_string}\"},\"query-input\":{\"@type\":\"PropertyValueSpecification\",\"valueRequired\":true,\"valueName\":\"search_term_string\"}}],\"inLanguage\":\"fr-FR\"},{\"@type\":[\"Person\",\"Organization\"],\"@id\":\"https:\\\/\\\/www.visionlarge.ch\\\/Blog\\\/#\\\/schema\\\/person\\\/b1280adcf8dd414efb101660dca80274\",\"name\":\"Visionlarge\",\"image\":{\"@type\":\"ImageObject\",\"inLanguage\":\"fr-FR\",\"@id\":\"https:\\\/\\\/secure.gravatar.com\\\/avatar\\\/5a4cf7a2f94117044ce51a4d732d4e9e02f76cc87fa0508945a18215c8a0613b?s=96&d=mm&r=g\",\"url\":\"https:\\\/\\\/secure.gravatar.com\\\/avatar\\\/5a4cf7a2f94117044ce51a4d732d4e9e02f76cc87fa0508945a18215c8a0613b?s=96&d=mm&r=g\",\"contentUrl\":\"https:\\\/\\\/secure.gravatar.com\\\/avatar\\\/5a4cf7a2f94117044ce51a4d732d4e9e02f76cc87fa0508945a18215c8a0613b?s=96&d=mm&r=g\",\"caption\":\"Visionlarge\"},\"logo\":{\"@id\":\"https:\\\/\\\/secure.gravatar.com\\\/avatar\\\/5a4cf7a2f94117044ce51a4d732d4e9e02f76cc87fa0508945a18215c8a0613b?s=96&d=mm&r=g\"},\"sameAs\":[\"http:\\\/\\\/www.visionlarge.ch\\\/Blog\"],\"url\":\"https:\\\/\\\/www.visionlarge.ch\\\/Blog\\\/author\\\/abovard\\\/\"}]}<\/script>\n<!-- \/ Yoast SEO plugin. -->","yoast_head_json":{"title":"Quel format photo choisir en 2025 ? RAW, HEIF, JPEG, WebP, AVIF : comprendre, comparer, choisir &#8212; Visionlarge.ch","description":"Visionlarge.ch","robots":{"index":"index","follow":"follow","max-snippet":"max-snippet:-1","max-image-preview":"max-image-preview:large","max-video-preview":"max-video-preview:-1"},"canonical":"https:\/\/www.visionlarge.ch\/Blog\/quel-format-photo-choisir-en-2025-raw-heif-jpeg-webp-avif-comprendre-comparer-choisir\/","og_locale":"fr_FR","og_type":"article","og_title":"Quel format photo choisir en 2025 ? RAW, HEIF, JPEG, WebP, AVIF : comprendre, comparer, choisir &#8212; Visionlarge.ch","og_url":"https:\/\/www.visionlarge.ch\/Blog\/quel-format-photo-choisir-en-2025-raw-heif-jpeg-webp-avif-comprendre-comparer-choisir\/","og_site_name":"Visionlarge.ch","article_published_time":"2025-07-17T11:04:39+00:00","article_modified_time":"2025-12-24T09:47:23+00:00","og_image":[{"url":"https:\/\/www.visionlarge.ch\/Blog\/wp-content\/uploads\/Reglages-de-qualite-de-lappareil-photo.png","width":1536,"height":1024,"type":"image\/png"}],"author":"Visionlarge","twitter_card":"summary_large_image","twitter_creator":"@visionlarge","twitter_site":"@visionlarge","twitter_misc":{"\u00c9crit par":"Visionlarge","Dur\u00e9e de lecture estim\u00e9e":"10 minutes"},"schema":{"@context":"https:\/\/schema.org","@graph":[{"@type":"Article","@id":"https:\/\/www.visionlarge.ch\/Blog\/quel-format-photo-choisir-en-2025-raw-heif-jpeg-webp-avif-comprendre-comparer-choisir\/#article","isPartOf":{"@id":"https:\/\/www.visionlarge.ch\/Blog\/quel-format-photo-choisir-en-2025-raw-heif-jpeg-webp-avif-comprendre-comparer-choisir\/"},"author":{"name":"Visionlarge","@id":"https:\/\/www.visionlarge.ch\/Blog\/#\/schema\/person\/b1280adcf8dd414efb101660dca80274"},"headline":"Quel format photo choisir en 2025 ? RAW, HEIF, JPEG, WebP, AVIF : comprendre, comparer, choisir","datePublished":"2025-07-17T11:04:39+00:00","dateModified":"2025-12-24T09:47:23+00:00","mainEntityOfPage":{"@id":"https:\/\/www.visionlarge.ch\/Blog\/quel-format-photo-choisir-en-2025-raw-heif-jpeg-webp-avif-comprendre-comparer-choisir\/"},"wordCount":1856,"commentCount":2,"publisher":{"@id":"https:\/\/www.visionlarge.ch\/Blog\/#\/schema\/person\/b1280adcf8dd414efb101660dca80274"},"image":{"@id":"https:\/\/www.visionlarge.ch\/Blog\/quel-format-photo-choisir-en-2025-raw-heif-jpeg-webp-avif-comprendre-comparer-choisir\/#primaryimage"},"thumbnailUrl":"https:\/\/www.visionlarge.ch\/Blog\/wp-content\/uploads\/Reglages-de-qualite-de-lappareil-photo.png","keywords":["AVIF","compatibilit\u00e9 format","compression image","export web","format Canon","format Fujifilm","format photo 2025","HEIF","impression photo","JPEG","PDF\/X","photo num\u00e9rique","profondeur couleur","qualit\u00e9 image","raw","retouche photo","simulation film","TIFF 16 bits","WebP"],"articleSection":["Tutos"],"inLanguage":"fr-FR","potentialAction":[{"@type":"CommentAction","name":"Comment","target":["https:\/\/www.visionlarge.ch\/Blog\/quel-format-photo-choisir-en-2025-raw-heif-jpeg-webp-avif-comprendre-comparer-choisir\/#respond"]}]},{"@type":"WebPage","@id":"https:\/\/www.visionlarge.ch\/Blog\/quel-format-photo-choisir-en-2025-raw-heif-jpeg-webp-avif-comprendre-comparer-choisir\/","url":"https:\/\/www.visionlarge.ch\/Blog\/quel-format-photo-choisir-en-2025-raw-heif-jpeg-webp-avif-comprendre-comparer-choisir\/","name":"Quel format photo choisir en 2025 ? RAW, HEIF, JPEG, WebP, AVIF : comprendre, comparer, choisir &#8212; Visionlarge.ch","isPartOf":{"@id":"https:\/\/www.visionlarge.ch\/Blog\/#website"},"primaryImageOfPage":{"@id":"https:\/\/www.visionlarge.ch\/Blog\/quel-format-photo-choisir-en-2025-raw-heif-jpeg-webp-avif-comprendre-comparer-choisir\/#primaryimage"},"image":{"@id":"https:\/\/www.visionlarge.ch\/Blog\/quel-format-photo-choisir-en-2025-raw-heif-jpeg-webp-avif-comprendre-comparer-choisir\/#primaryimage"},"thumbnailUrl":"https:\/\/www.visionlarge.ch\/Blog\/wp-content\/uploads\/Reglages-de-qualite-de-lappareil-photo.png","datePublished":"2025-07-17T11:04:39+00:00","dateModified":"2025-12-24T09:47:23+00:00","description":"Visionlarge.ch","breadcrumb":{"@id":"https:\/\/www.visionlarge.ch\/Blog\/quel-format-photo-choisir-en-2025-raw-heif-jpeg-webp-avif-comprendre-comparer-choisir\/#breadcrumb"},"inLanguage":"fr-FR","potentialAction":[{"@type":"ReadAction","target":["https:\/\/www.visionlarge.ch\/Blog\/quel-format-photo-choisir-en-2025-raw-heif-jpeg-webp-avif-comprendre-comparer-choisir\/"]}]},{"@type":"ImageObject","inLanguage":"fr-FR","@id":"https:\/\/www.visionlarge.ch\/Blog\/quel-format-photo-choisir-en-2025-raw-heif-jpeg-webp-avif-comprendre-comparer-choisir\/#primaryimage","url":"https:\/\/www.visionlarge.ch\/Blog\/wp-content\/uploads\/Reglages-de-qualite-de-lappareil-photo.png","contentUrl":"https:\/\/www.visionlarge.ch\/Blog\/wp-content\/uploads\/Reglages-de-qualite-de-lappareil-photo.png","width":1536,"height":1024},{"@type":"BreadcrumbList","@id":"https:\/\/www.visionlarge.ch\/Blog\/quel-format-photo-choisir-en-2025-raw-heif-jpeg-webp-avif-comprendre-comparer-choisir\/#breadcrumb","itemListElement":[{"@type":"ListItem","position":1,"name":"Accueil","item":"https:\/\/www.visionlarge.ch\/Blog\/"},{"@type":"ListItem","position":2,"name":"Quel format photo choisir en 2025 ? RAW, HEIF, JPEG, WebP, AVIF : comprendre, comparer, choisir"}]},{"@type":"WebSite","@id":"https:\/\/www.visionlarge.ch\/Blog\/#website","url":"https:\/\/www.visionlarge.ch\/Blog\/","name":"Bovard Alain, mon blog photo","description":"C&#039;est toujours plus beau en visionlarge...","publisher":{"@id":"https:\/\/www.visionlarge.ch\/Blog\/#\/schema\/person\/b1280adcf8dd414efb101660dca80274"},"alternateName":"visionlarge","potentialAction":[{"@type":"SearchAction","target":{"@type":"EntryPoint","urlTemplate":"https:\/\/www.visionlarge.ch\/Blog\/?s={search_term_string}"},"query-input":{"@type":"PropertyValueSpecification","valueRequired":true,"valueName":"search_term_string"}}],"inLanguage":"fr-FR"},{"@type":["Person","Organization"],"@id":"https:\/\/www.visionlarge.ch\/Blog\/#\/schema\/person\/b1280adcf8dd414efb101660dca80274","name":"Visionlarge","image":{"@type":"ImageObject","inLanguage":"fr-FR","@id":"https:\/\/secure.gravatar.com\/avatar\/5a4cf7a2f94117044ce51a4d732d4e9e02f76cc87fa0508945a18215c8a0613b?s=96&d=mm&r=g","url":"https:\/\/secure.gravatar.com\/avatar\/5a4cf7a2f94117044ce51a4d732d4e9e02f76cc87fa0508945a18215c8a0613b?s=96&d=mm&r=g","contentUrl":"https:\/\/secure.gravatar.com\/avatar\/5a4cf7a2f94117044ce51a4d732d4e9e02f76cc87fa0508945a18215c8a0613b?s=96&d=mm&r=g","caption":"Visionlarge"},"logo":{"@id":"https:\/\/secure.gravatar.com\/avatar\/5a4cf7a2f94117044ce51a4d732d4e9e02f76cc87fa0508945a18215c8a0613b?s=96&d=mm&r=g"},"sameAs":["http:\/\/www.visionlarge.ch\/Blog"],"url":"https:\/\/www.visionlarge.ch\/Blog\/author\/abovard\/"}]}},"_links":{"self":[{"href":"https:\/\/www.visionlarge.ch\/Blog\/wp-json\/wp\/v2\/posts\/10231","targetHints":{"allow":["GET"]}}],"collection":[{"href":"https:\/\/www.visionlarge.ch\/Blog\/wp-json\/wp\/v2\/posts"}],"about":[{"href":"https:\/\/www.visionlarge.ch\/Blog\/wp-json\/wp\/v2\/types\/post"}],"author":[{"embeddable":true,"href":"https:\/\/www.visionlarge.ch\/Blog\/wp-json\/wp\/v2\/users\/1"}],"replies":[{"embeddable":true,"href":"https:\/\/www.visionlarge.ch\/Blog\/wp-json\/wp\/v2\/comments?post=10231"}],"version-history":[{"count":59,"href":"https:\/\/www.visionlarge.ch\/Blog\/wp-json\/wp\/v2\/posts\/10231\/revisions"}],"predecessor-version":[{"id":11415,"href":"https:\/\/www.visionlarge.ch\/Blog\/wp-json\/wp\/v2\/posts\/10231\/revisions\/11415"}],"wp:featuredmedia":[{"embeddable":true,"href":"https:\/\/www.visionlarge.ch\/Blog\/wp-json\/wp\/v2\/media\/10238"}],"wp:attachment":[{"href":"https:\/\/www.visionlarge.ch\/Blog\/wp-json\/wp\/v2\/media?parent=10231"}],"wp:term":[{"taxonomy":"category","embeddable":true,"href":"https:\/\/www.visionlarge.ch\/Blog\/wp-json\/wp\/v2\/categories?post=10231"},{"taxonomy":"post_tag","embeddable":true,"href":"https:\/\/www.visionlarge.ch\/Blog\/wp-json\/wp\/v2\/tags?post=10231"}],"curies":[{"name":"wp","href":"https:\/\/api.w.org\/{rel}","templated":true}]}}