{"id":10128,"date":"2025-06-24T19:35:40","date_gmt":"2025-06-24T18:35:40","guid":{"rendered":"https:\/\/www.visionlarge.ch\/Blog\/?p=10128"},"modified":"2026-01-18T10:56:12","modified_gmt":"2026-01-18T09:56:12","slug":"photos-de-concert","status":"publish","type":"post","link":"https:\/\/www.visionlarge.ch\/Blog\/photos-de-concert\/","title":{"rendered":"Trash&amp;Co en live \u00e0 Yverdon"},"content":{"rendered":"\n<h2 class=\"wp-block-heading\">F\u00eate de la Musique 2025<\/h2>\n\n\n\n<p><em><a href=\"https:\/\/www.visionlarge.ch\/Blog\/gallerie-photos\/\">Mais qui suis-je?<\/a><\/em><\/p>\n\n\n\n<p>Cela faisait un moment que j\u2019avais envie d\u2019aller voir le concert d\u2019un pote de boulot : le copain Vincent, musicien dans le groupe <a href=\"https:\/\/trashxco.ch\/\">Trash&amp;Co<\/a>. Et le 21 juin dernier, j\u2019ai enfin eu l\u2019occasion r\u00eav\u00e9e : la F\u00eate de la Musique 2025 \u00e0 Yverdon-les-Bains.<br \/>Bon, oui, c\u2019est la f\u00eate un peu partout ce jour-l\u00e0\u2026 Mais ici, c\u2019\u00e9tait \u00e0 la maison, et \u00e7a faisait toute la diff\u00e9rence.<\/p>\n\n\n\n<figure class=\"wp-block-image size-full\"><a href=\"https:\/\/trashxco.ch\"><img loading=\"lazy\" decoding=\"async\" width=\"1068\" height=\"274\" src=\"https:\/\/www.visionlarge.ch\/Blog\/wp-content\/uploads\/Capture-decran-2025-06-24-a-20.36.51.png\" alt=\"\" class=\"wp-image-10132\" srcset=\"https:\/\/www.visionlarge.ch\/Blog\/wp-content\/uploads\/Capture-decran-2025-06-24-a-20.36.51.png 1068w, https:\/\/www.visionlarge.ch\/Blog\/wp-content\/uploads\/Capture-decran-2025-06-24-a-20.36.51-300x77.png 300w, https:\/\/www.visionlarge.ch\/Blog\/wp-content\/uploads\/Capture-decran-2025-06-24-a-20.36.51-150x38.png 150w, https:\/\/www.visionlarge.ch\/Blog\/wp-content\/uploads\/Capture-decran-2025-06-24-a-20.36.51-768x197.png 768w\" sizes=\"auto, (max-width: 1068px) 100vw, 1068px\" \/><\/a><figcaption class=\"wp-element-caption\">Cliquez sur la banni\u00e8re pour aller sur le site du groupe!<\/figcaption><\/figure>\n\n\n\n<p>Le groupe suisse romand Trash&amp;Co \u00e9tait programm\u00e9 pour cette \u00e9dition 2025. Une belle opportunit\u00e9 pour eux, et un vrai plaisir pour moi de les voir en live. Je vous laisse d\u00e9couvrir le groupe au travers du lien ci-dessus!<\/p>\n\n\n\n<figure data-wp-context=\"{&quot;imageId&quot;:&quot;69f5e95bec9f3&quot;}\" data-wp-interactive=\"core\/image\" data-wp-key=\"69f5e95bec9f3\" class=\"wp-block-image size-large wp-lightbox-container\"><img loading=\"lazy\" decoding=\"async\" width=\"2000\" height=\"1368\" data-wp-class--hide=\"state.isContentHidden\" data-wp-class--show=\"state.isContentVisible\" data-wp-init=\"callbacks.setButtonStyles\" data-wp-on--click=\"actions.showLightbox\" data-wp-on--load=\"callbacks.setButtonStyles\" data-wp-on-window--resize=\"callbacks.setButtonStyles\" src=\"https:\/\/www.visionlarge.ch\/Blog\/wp-content\/uploads\/sans-titre-96-Modifier-Modifier-2000x1368.jpg\" alt=\"Trash&amp;Co en live \u00e0 Yverdon\nF\u00eate de la musique 2025, Yverdon\" class=\"wp-image-10153\" srcset=\"https:\/\/www.visionlarge.ch\/Blog\/wp-content\/uploads\/sans-titre-96-Modifier-Modifier-2000x1368.jpg 2000w, https:\/\/www.visionlarge.ch\/Blog\/wp-content\/uploads\/sans-titre-96-Modifier-Modifier-300x205.jpg 300w, https:\/\/www.visionlarge.ch\/Blog\/wp-content\/uploads\/sans-titre-96-Modifier-Modifier-150x103.jpg 150w, https:\/\/www.visionlarge.ch\/Blog\/wp-content\/uploads\/sans-titre-96-Modifier-Modifier-768x525.jpg 768w, https:\/\/www.visionlarge.ch\/Blog\/wp-content\/uploads\/sans-titre-96-Modifier-Modifier-1536x1050.jpg 1536w, https:\/\/www.visionlarge.ch\/Blog\/wp-content\/uploads\/sans-titre-96-Modifier-Modifier-2048x1401.jpg 2048w\" sizes=\"auto, (max-width: 2000px) 100vw, 2000px\" \/><button\n\t\t\tclass=\"lightbox-trigger\"\n\t\t\ttype=\"button\"\n\t\t\taria-haspopup=\"dialog\"\n\t\t\taria-label=\"Agrandir\"\n\t\t\tdata-wp-init=\"callbacks.initTriggerButton\"\n\t\t\tdata-wp-on--click=\"actions.showLightbox\"\n\t\t\tdata-wp-style--right=\"state.imageButtonRight\"\n\t\t\tdata-wp-style--top=\"state.imageButtonTop\"\n\t\t>\n\t\t\t<svg xmlns=\"http:\/\/www.w3.org\/2000\/svg\" width=\"12\" height=\"12\" fill=\"none\" viewBox=\"0 0 12 12\">\n\t\t\t\t<path fill=\"#fff\" d=\"M2 0a2 2 0 0 0-2 2v2h1.5V2a.5.5 0 0 1 .5-.5h2V0H2Zm2 10.5H2a.5.5 0 0 1-.5-.5V8H0v2a2 2 0 0 0 2 2h2v-1.5ZM8 12v-1.5h2a.5.5 0 0 0 .5-.5V8H12v2a2 2 0 0 1-2 2H8Zm2-12a2 2 0 0 1 2 2v2h-1.5V2a.5.5 0 0 0-.5-.5H8V0h2Z\" \/>\n\t\t\t<\/svg>\n\t\t<\/button><figcaption class=\"wp-element-caption\">Pas facile d&rsquo;immortaliser dans un seul instant les 5 musiciens talentueux de Trash&amp;Co, surtout avec une focale fixe de 135 \ud83d\ude09<br \/>Les jeux de lumi\u00e8res rouges ne sont pas l&rsquo;id\u00e9al pour les capteurs, mais surtout, analysez s&rsquo;il existe des lasers dans votre direction! Un laser sur un 135F2 bien ouvert&#8230; Pourrait faire de gros d\u00e9g\u00e2ts sur un capteur \ud83d\ude09<br \/><strong>Canon EOS R et Canon 135 F2 L<\/strong><\/figcaption><\/figure>\n\n\n\n<figure data-wp-context=\"{&quot;imageId&quot;:&quot;69f5e95bed12f&quot;}\" data-wp-interactive=\"core\/image\" data-wp-key=\"69f5e95bed12f\" class=\"wp-block-image size-large wp-lightbox-container\"><img loading=\"lazy\" decoding=\"async\" width=\"1368\" height=\"2000\" data-wp-class--hide=\"state.isContentHidden\" data-wp-class--show=\"state.isContentVisible\" data-wp-init=\"callbacks.setButtonStyles\" data-wp-on--click=\"actions.showLightbox\" data-wp-on--load=\"callbacks.setButtonStyles\" data-wp-on-window--resize=\"callbacks.setButtonStyles\" src=\"https:\/\/www.visionlarge.ch\/Blog\/wp-content\/uploads\/ChanteurTrashAndCOMusique2025-1368x2000.jpg\" alt=\"\" class=\"wp-image-10160\" srcset=\"https:\/\/www.visionlarge.ch\/Blog\/wp-content\/uploads\/ChanteurTrashAndCOMusique2025-1368x2000.jpg 1368w, https:\/\/www.visionlarge.ch\/Blog\/wp-content\/uploads\/ChanteurTrashAndCOMusique2025-205x300.jpg 205w, https:\/\/www.visionlarge.ch\/Blog\/wp-content\/uploads\/ChanteurTrashAndCOMusique2025-103x150.jpg 103w, https:\/\/www.visionlarge.ch\/Blog\/wp-content\/uploads\/ChanteurTrashAndCOMusique2025-768x1123.jpg 768w, https:\/\/www.visionlarge.ch\/Blog\/wp-content\/uploads\/ChanteurTrashAndCOMusique2025-1050x1536.jpg 1050w, https:\/\/www.visionlarge.ch\/Blog\/wp-content\/uploads\/ChanteurTrashAndCOMusique2025-1401x2048.jpg 1401w, https:\/\/www.visionlarge.ch\/Blog\/wp-content\/uploads\/ChanteurTrashAndCOMusique2025-scaled.jpg 1751w\" sizes=\"auto, (max-width: 1368px) 100vw, 1368px\" \/><button\n\t\t\tclass=\"lightbox-trigger\"\n\t\t\ttype=\"button\"\n\t\t\taria-haspopup=\"dialog\"\n\t\t\taria-label=\"Agrandir\"\n\t\t\tdata-wp-init=\"callbacks.initTriggerButton\"\n\t\t\tdata-wp-on--click=\"actions.showLightbox\"\n\t\t\tdata-wp-style--right=\"state.imageButtonRight\"\n\t\t\tdata-wp-style--top=\"state.imageButtonTop\"\n\t\t>\n\t\t\t<svg xmlns=\"http:\/\/www.w3.org\/2000\/svg\" width=\"12\" height=\"12\" fill=\"none\" viewBox=\"0 0 12 12\">\n\t\t\t\t<path fill=\"#fff\" d=\"M2 0a2 2 0 0 0-2 2v2h1.5V2a.5.5 0 0 1 .5-.5h2V0H2Zm2 10.5H2a.5.5 0 0 1-.5-.5V8H0v2a2 2 0 0 0 2 2h2v-1.5ZM8 12v-1.5h2a.5.5 0 0 0 .5-.5V8H12v2a2 2 0 0 1-2 2H8Zm2-12a2 2 0 0 1 2 2v2h-1.5V2a.5.5 0 0 0-.5-.5H8V0h2Z\" \/>\n\t\t\t<\/svg>\n\t\t<\/button><figcaption class=\"wp-element-caption\">Chanteur du groupe de Trash&amp;Co. Une belle \u00e9nergie pour un groupe atypique qui a su faire bouger les Yverdonnois.<br \/><strong>Canon EOS R et Canon EF 135 F2 L<\/strong><\/figcaption><\/figure>\n\n\n\n<p>Si vous passez de temps en temps sur visionlarge.ch, vous avez peut-\u00eatre remarqu\u00e9 que la photo de manifestation, ce n\u2019est pas vraiment ma sp\u00e9cialit\u00e9. J\u2019ai tendance \u00e0 \u00e9viter les foules. Un peu par timidit\u00e9 : photographier dans ce genre de contexte, c\u2019est aussi se montrer, s\u2019exposer comme photographe. Assumer son regard et son mat\u00e9riel \u2014 qu\u2019on soit amateur ou pro.<\/p>\n\n\n\n<figure data-wp-context=\"{&quot;imageId&quot;:&quot;69f5e95bed6c4&quot;}\" data-wp-interactive=\"core\/image\" data-wp-key=\"69f5e95bed6c4\" class=\"wp-block-image size-large wp-lightbox-container\"><img loading=\"lazy\" decoding=\"async\" width=\"2000\" height=\"1368\" data-wp-class--hide=\"state.isContentHidden\" data-wp-class--show=\"state.isContentVisible\" data-wp-init=\"callbacks.setButtonStyles\" data-wp-on--click=\"actions.showLightbox\" data-wp-on--load=\"callbacks.setButtonStyles\" data-wp-on-window--resize=\"callbacks.setButtonStyles\" src=\"https:\/\/www.visionlarge.ch\/Blog\/wp-content\/uploads\/YverdonTrash2025_1-2000x1368.jpg\" alt=\"Trash&amp;Co en live \u00e0 Yverdon\" class=\"wp-image-10127\" srcset=\"https:\/\/www.visionlarge.ch\/Blog\/wp-content\/uploads\/YverdonTrash2025_1-2000x1368.jpg 2000w, https:\/\/www.visionlarge.ch\/Blog\/wp-content\/uploads\/YverdonTrash2025_1-300x205.jpg 300w, https:\/\/www.visionlarge.ch\/Blog\/wp-content\/uploads\/YverdonTrash2025_1-150x103.jpg 150w, https:\/\/www.visionlarge.ch\/Blog\/wp-content\/uploads\/YverdonTrash2025_1-768x525.jpg 768w, https:\/\/www.visionlarge.ch\/Blog\/wp-content\/uploads\/YverdonTrash2025_1-1536x1050.jpg 1536w, https:\/\/www.visionlarge.ch\/Blog\/wp-content\/uploads\/YverdonTrash2025_1-2048x1401.jpg 2048w\" sizes=\"auto, (max-width: 2000px) 100vw, 2000px\" \/><button\n\t\t\tclass=\"lightbox-trigger\"\n\t\t\ttype=\"button\"\n\t\t\taria-haspopup=\"dialog\"\n\t\t\taria-label=\"Agrandir\"\n\t\t\tdata-wp-init=\"callbacks.initTriggerButton\"\n\t\t\tdata-wp-on--click=\"actions.showLightbox\"\n\t\t\tdata-wp-style--right=\"state.imageButtonRight\"\n\t\t\tdata-wp-style--top=\"state.imageButtonTop\"\n\t\t>\n\t\t\t<svg xmlns=\"http:\/\/www.w3.org\/2000\/svg\" width=\"12\" height=\"12\" fill=\"none\" viewBox=\"0 0 12 12\">\n\t\t\t\t<path fill=\"#fff\" d=\"M2 0a2 2 0 0 0-2 2v2h1.5V2a.5.5 0 0 1 .5-.5h2V0H2Zm2 10.5H2a.5.5 0 0 1-.5-.5V8H0v2a2 2 0 0 0 2 2h2v-1.5ZM8 12v-1.5h2a.5.5 0 0 0 .5-.5V8H12v2a2 2 0 0 1-2 2H8Zm2-12a2 2 0 0 1 2 2v2h-1.5V2a.5.5 0 0 0-.5-.5H8V0h2Z\" \/>\n\t\t\t<\/svg>\n\t\t<\/button><figcaption class=\"wp-element-caption\">Les 5 musiciens (le batteur est cach\u00e9 dans le rouge \ud83d\ude09 ) du groupe. <strong>Canon EOS R et Canon EF 135 F2 L<\/strong><br \/>J&rsquo;ai voulu prendre les artistes derri\u00e8re la r\u00e9gie afin de donner une ambiance et une diff\u00e9rence de profondeur. Pas facile de composer diff\u00e9remment en photo de concert!<\/figcaption><\/figure>\n\n\n\n<p>Malgr\u00e9 cette g\u00eane et les regards parfois un peu insistants, j\u2019ai pris \u00e9norm\u00e9ment de plaisir \u00e0 photographier le groupe sur sc\u00e8ne. J\u2019\u00e9tais \u00e9quip\u00e9 de mon Canon EOS R, avec le 135mm f\/2 L. Ce combo n\u2019est pas toujours \u00e9vident dans les conditions de lumi\u00e8re d\u2019un concert en ext\u00e9rieur le soir, mais parfois, on n\u2019a pas le choix. \u00c0 f\/2, la mise au point est d\u00e9licate, surtout quand la lumi\u00e8re manque\u2026 mais quand \u00e7a fonctionne, les images ont ce rendu si particulier, doux et vivant.<\/p>\n\n\n\n<figure data-wp-context=\"{&quot;imageId&quot;:&quot;69f5e95bedc34&quot;}\" data-wp-interactive=\"core\/image\" data-wp-key=\"69f5e95bedc34\" class=\"wp-block-image size-large wp-lightbox-container\"><img loading=\"lazy\" decoding=\"async\" width=\"1368\" height=\"2000\" data-wp-class--hide=\"state.isContentHidden\" data-wp-class--show=\"state.isContentVisible\" data-wp-init=\"callbacks.setButtonStyles\" data-wp-on--click=\"actions.showLightbox\" data-wp-on--load=\"callbacks.setButtonStyles\" data-wp-on-window--resize=\"callbacks.setButtonStyles\" src=\"https:\/\/www.visionlarge.ch\/Blog\/wp-content\/uploads\/VincentTrashN2025Site-1368x2000.jpg\" alt=\"Trash&amp;Co en live \u00e0 Yverdon\" class=\"wp-image-10126\" srcset=\"https:\/\/www.visionlarge.ch\/Blog\/wp-content\/uploads\/VincentTrashN2025Site-1368x2000.jpg 1368w, https:\/\/www.visionlarge.ch\/Blog\/wp-content\/uploads\/VincentTrashN2025Site-205x300.jpg 205w, https:\/\/www.visionlarge.ch\/Blog\/wp-content\/uploads\/VincentTrashN2025Site-103x150.jpg 103w, https:\/\/www.visionlarge.ch\/Blog\/wp-content\/uploads\/VincentTrashN2025Site-768x1123.jpg 768w, https:\/\/www.visionlarge.ch\/Blog\/wp-content\/uploads\/VincentTrashN2025Site-1050x1536.jpg 1050w, https:\/\/www.visionlarge.ch\/Blog\/wp-content\/uploads\/VincentTrashN2025Site-1401x2048.jpg 1401w, https:\/\/www.visionlarge.ch\/Blog\/wp-content\/uploads\/VincentTrashN2025Site-scaled.jpg 1751w\" sizes=\"auto, (max-width: 1368px) 100vw, 1368px\" \/><button\n\t\t\tclass=\"lightbox-trigger\"\n\t\t\ttype=\"button\"\n\t\t\taria-haspopup=\"dialog\"\n\t\t\taria-label=\"Agrandir\"\n\t\t\tdata-wp-init=\"callbacks.initTriggerButton\"\n\t\t\tdata-wp-on--click=\"actions.showLightbox\"\n\t\t\tdata-wp-style--right=\"state.imageButtonRight\"\n\t\t\tdata-wp-style--top=\"state.imageButtonTop\"\n\t\t>\n\t\t\t<svg xmlns=\"http:\/\/www.w3.org\/2000\/svg\" width=\"12\" height=\"12\" fill=\"none\" viewBox=\"0 0 12 12\">\n\t\t\t\t<path fill=\"#fff\" d=\"M2 0a2 2 0 0 0-2 2v2h1.5V2a.5.5 0 0 1 .5-.5h2V0H2Zm2 10.5H2a.5.5 0 0 1-.5-.5V8H0v2a2 2 0 0 0 2 2h2v-1.5ZM8 12v-1.5h2a.5.5 0 0 0 .5-.5V8H12v2a2 2 0 0 1-2 2H8Zm2-12a2 2 0 0 1 2 2v2h-1.5V2a.5.5 0 0 0-.5-.5H8V0h2Z\" \/>\n\t\t\t<\/svg>\n\t\t<\/button><figcaption class=\"wp-element-caption\">Trouver les moments int\u00e9ressant, c&rsquo;est souvent attendre longtemps parfois le moment d\u00e9cisif.<br \/>Ici, le duo \u00e9tait obligatoire \u00e0 saisir. <strong>Canon EOS R et Canon EF 135 F2 L<\/strong><\/figcaption><\/figure>\n\n\n\n<p>Et puis la photo de concert, ce n\u2019est pas que la technique : c\u2019est aussi le show, l\u2019intensit\u00e9, l\u2019\u00e9nergie. Trash&amp;Co m\u2019a offert tout \u00e7a. Un bon gros son rock punk, des textes en fran\u00e7ais (j\u2019y suis sensible), et des musiciens romands qui se donnent \u00e0 fond sur sc\u00e8ne. J\u2019ai ador\u00e9.<\/p>\n\n\n\n<figure data-wp-context=\"{&quot;imageId&quot;:&quot;69f5e95bee1ec&quot;}\" data-wp-interactive=\"core\/image\" data-wp-key=\"69f5e95bee1ec\" class=\"wp-block-image size-large wp-lightbox-container\"><img loading=\"lazy\" decoding=\"async\" width=\"2000\" height=\"1051\" data-wp-class--hide=\"state.isContentHidden\" data-wp-class--show=\"state.isContentVisible\" data-wp-init=\"callbacks.setButtonStyles\" data-wp-on--click=\"actions.showLightbox\" data-wp-on--load=\"callbacks.setButtonStyles\" data-wp-on-window--resize=\"callbacks.setButtonStyles\" src=\"https:\/\/www.visionlarge.ch\/Blog\/wp-content\/uploads\/TrashYverdonFeteMusique2025Pano-2000x1051.jpg\" alt=\"Trash&amp;Co en live \u00e0 Yverdon\" class=\"wp-image-10156\" srcset=\"https:\/\/www.visionlarge.ch\/Blog\/wp-content\/uploads\/TrashYverdonFeteMusique2025Pano-2000x1051.jpg 2000w, https:\/\/www.visionlarge.ch\/Blog\/wp-content\/uploads\/TrashYverdonFeteMusique2025Pano-300x158.jpg 300w, https:\/\/www.visionlarge.ch\/Blog\/wp-content\/uploads\/TrashYverdonFeteMusique2025Pano-150x79.jpg 150w, https:\/\/www.visionlarge.ch\/Blog\/wp-content\/uploads\/TrashYverdonFeteMusique2025Pano-768x404.jpg 768w, https:\/\/www.visionlarge.ch\/Blog\/wp-content\/uploads\/TrashYverdonFeteMusique2025Pano-1536x807.jpg 1536w, https:\/\/www.visionlarge.ch\/Blog\/wp-content\/uploads\/TrashYverdonFeteMusique2025Pano-2048x1076.jpg 2048w\" sizes=\"auto, (max-width: 2000px) 100vw, 2000px\" \/><button\n\t\t\tclass=\"lightbox-trigger\"\n\t\t\ttype=\"button\"\n\t\t\taria-haspopup=\"dialog\"\n\t\t\taria-label=\"Agrandir\"\n\t\t\tdata-wp-init=\"callbacks.initTriggerButton\"\n\t\t\tdata-wp-on--click=\"actions.showLightbox\"\n\t\t\tdata-wp-style--right=\"state.imageButtonRight\"\n\t\t\tdata-wp-style--top=\"state.imageButtonTop\"\n\t\t>\n\t\t\t<svg xmlns=\"http:\/\/www.w3.org\/2000\/svg\" width=\"12\" height=\"12\" fill=\"none\" viewBox=\"0 0 12 12\">\n\t\t\t\t<path fill=\"#fff\" d=\"M2 0a2 2 0 0 0-2 2v2h1.5V2a.5.5 0 0 1 .5-.5h2V0H2Zm2 10.5H2a.5.5 0 0 1-.5-.5V8H0v2a2 2 0 0 0 2 2h2v-1.5ZM8 12v-1.5h2a.5.5 0 0 0 .5-.5V8H12v2a2 2 0 0 1-2 2H8Zm2-12a2 2 0 0 1 2 2v2h-1.5V2a.5.5 0 0 0-.5-.5H8V0h2Z\" \/>\n\t\t\t<\/svg>\n\t\t<\/button><figcaption class=\"wp-element-caption\">Photographier le public, c&rsquo;est aussi photographier l&rsquo;ambiance. Car le publique fait partie int\u00e9grante d&rsquo;un concert.<br \/><strong>Canon EOS R et Canon EF 135 F2 L<\/strong><\/figcaption><\/figure>\n\n\n\n<p>Cela faisait un moment que je n&rsquo;\u00e9tais pas ressorti voir un concert et \u00e7a fait royal du bien surtout lorsque je partage mon plaisir photographie \u00e0 de la musique!<\/p>\n\n\n\n<figure data-wp-context=\"{&quot;imageId&quot;:&quot;69f5e95bee776&quot;}\" data-wp-interactive=\"core\/image\" data-wp-key=\"69f5e95bee776\" class=\"wp-block-image size-large wp-lightbox-container\"><img loading=\"lazy\" decoding=\"async\" width=\"1368\" height=\"2000\" data-wp-class--hide=\"state.isContentHidden\" data-wp-class--show=\"state.isContentVisible\" data-wp-init=\"callbacks.setButtonStyles\" data-wp-on--click=\"actions.showLightbox\" data-wp-on--load=\"callbacks.setButtonStyles\" data-wp-on-window--resize=\"callbacks.setButtonStyles\" src=\"https:\/\/www.visionlarge.ch\/Blog\/wp-content\/uploads\/ChanteurGroupeTrashNYverdon2025-1368x2000.jpg\" alt=\"Trash&amp;Co en live \u00e0 Yverdon\" class=\"wp-image-10124\" srcset=\"https:\/\/www.visionlarge.ch\/Blog\/wp-content\/uploads\/ChanteurGroupeTrashNYverdon2025-1368x2000.jpg 1368w, https:\/\/www.visionlarge.ch\/Blog\/wp-content\/uploads\/ChanteurGroupeTrashNYverdon2025-205x300.jpg 205w, https:\/\/www.visionlarge.ch\/Blog\/wp-content\/uploads\/ChanteurGroupeTrashNYverdon2025-103x150.jpg 103w, https:\/\/www.visionlarge.ch\/Blog\/wp-content\/uploads\/ChanteurGroupeTrashNYverdon2025-768x1123.jpg 768w, https:\/\/www.visionlarge.ch\/Blog\/wp-content\/uploads\/ChanteurGroupeTrashNYverdon2025-1050x1536.jpg 1050w, https:\/\/www.visionlarge.ch\/Blog\/wp-content\/uploads\/ChanteurGroupeTrashNYverdon2025-1401x2048.jpg 1401w, https:\/\/www.visionlarge.ch\/Blog\/wp-content\/uploads\/ChanteurGroupeTrashNYverdon2025-scaled.jpg 1751w\" sizes=\"auto, (max-width: 1368px) 100vw, 1368px\" \/><button\n\t\t\tclass=\"lightbox-trigger\"\n\t\t\ttype=\"button\"\n\t\t\taria-haspopup=\"dialog\"\n\t\t\taria-label=\"Agrandir\"\n\t\t\tdata-wp-init=\"callbacks.initTriggerButton\"\n\t\t\tdata-wp-on--click=\"actions.showLightbox\"\n\t\t\tdata-wp-style--right=\"state.imageButtonRight\"\n\t\t\tdata-wp-style--top=\"state.imageButtonTop\"\n\t\t>\n\t\t\t<svg xmlns=\"http:\/\/www.w3.org\/2000\/svg\" width=\"12\" height=\"12\" fill=\"none\" viewBox=\"0 0 12 12\">\n\t\t\t\t<path fill=\"#fff\" d=\"M2 0a2 2 0 0 0-2 2v2h1.5V2a.5.5 0 0 1 .5-.5h2V0H2Zm2 10.5H2a.5.5 0 0 1-.5-.5V8H0v2a2 2 0 0 0 2 2h2v-1.5ZM8 12v-1.5h2a.5.5 0 0 0 .5-.5V8H12v2a2 2 0 0 1-2 2H8Zm2-12a2 2 0 0 1 2 2v2h-1.5V2a.5.5 0 0 0-.5-.5H8V0h2Z\" \/>\n\t\t\t<\/svg>\n\t\t<\/button><figcaption class=\"wp-element-caption\">La lumi\u00e8re des spots est un des points cl\u00e9s des images de concert. Lorsque la lumi\u00e8re, l&rsquo;instant se m\u00e9lange parfaitement. Il en ressort souvent de belles images. <br \/><strong>Canon EOS R et Canon EF 135 F2 L<\/strong><\/figcaption><\/figure>\n\n\n\n<p>N&rsquo;h\u00e9sitez pas \u00e0 revenir. Il pourrait y avoir d&rsquo;autres images. \u00c0 moins, bien s\u00fbr, que vous trouviez mes images banales \ud83d\ude09 Je reste un amateur qui s&rsquo;amuse et qui fait cela pour le plaisir des belles images.<\/p>\n\n\n\n<p><strong>Et n\u2019oubliez pas, il peut \u00eatre tentant de prendre une image sur le Net, car c\u2019est facile, mais c\u2019est pas tr\u00e8s cool comme d\u00e9marche. Veuillez respecter mes images ainsi que le travail fourni pour les r\u00e9aliser, m\u00eame si l\u00e0 du coup\u2026 vous pouvez penser qu\u2019il n\u2019y a pas que des p\u00e9pites\u2026Voire m\u00eame aucune.. Merci!<\/strong><\/p>\n\n\n\n<p><strong>Rappel:<\/strong>\u00a0Les images sont prot\u00e9g\u00e9es, elles ne sont pas libres de droits. Merci de respecter les droits d\u2019auteurs!\u00a0\u00ae All rights reserved <\/p>\n\n\n\n<p class=\"has-text-align-center\"><\/p>\n","protected":false},"excerpt":{"rendered":"<p>F\u00eate de la Musique 2025 Mais qui suis-je? Cela faisait un moment que j\u2019avais envie d\u2019aller voir le concert d\u2019un pote de boulot : le copain Vincent, musicien dans le groupe Trash&amp;Co. Et le 21 juin dernier, j\u2019ai enfin eu l\u2019occasion r\u00eav\u00e9e : la F\u00eate de la Musique 2025 \u00e0&#8230;<\/p>\n<div class=\"more-link-wrapper\"><a class=\"more-link\" href=\"https:\/\/www.visionlarge.ch\/Blog\/photos-de-concert\/\">La suite? C&#039;est par l\u00e0!<span class=\"screen-reader-text\">Trash&amp;Co en live \u00e0 Yverdon<\/span><\/a><\/div>\n","protected":false},"author":1,"featured_media":10127,"comment_status":"open","ping_status":"open","sticky":false,"template":"","format":"standard","meta":{"footnotes":""},"categories":[3],"tags":[1122,543,1123,1124,1119,1127,1126,1120,1129,1125,1121,1128],"class_list":["post-10128","post","type-post","status-publish","format-standard","has-post-thumbnail","hentry","category-histoire-dune-image","tag-135mm-f2","tag-canon-eos-r","tag-concert-yverdon","tag-fete-de-la-musique-2025","tag-groupe-suisse-romand","tag-musique-romande","tag-photo-live","tag-photographie-de-concert","tag-punksuisse","tag-rock-punk-suisse","tag-trashco","tag-trashandco","excerpt","zoom","full-without-featured","even","excerpt-0"],"yoast_head":"<!-- This site is optimized with the Yoast SEO plugin v27.5 - https:\/\/yoast.com\/product\/yoast-seo-wordpress\/ -->\n<title>Trash&amp;Co en live \u00e0 Yverdon &#8212; Visionlarge.ch<\/title>\n<meta name=\"description\" content=\"Visionlarge.ch\" \/>\n<meta name=\"robots\" content=\"index, follow, max-snippet:-1, max-image-preview:large, max-video-preview:-1\" \/>\n<link rel=\"canonical\" href=\"https:\/\/www.visionlarge.ch\/Blog\/photos-de-concert\/\" \/>\n<meta property=\"og:locale\" content=\"fr_FR\" \/>\n<meta property=\"og:type\" content=\"article\" \/>\n<meta property=\"og:title\" content=\"Trash&amp;Co en live \u00e0 Yverdon &#8212; Visionlarge.ch\" \/>\n<meta property=\"og:url\" content=\"https:\/\/www.visionlarge.ch\/Blog\/photos-de-concert\/\" \/>\n<meta property=\"og:site_name\" content=\"Visionlarge.ch\" \/>\n<meta property=\"article:published_time\" content=\"2025-06-24T18:35:40+00:00\" \/>\n<meta property=\"article:modified_time\" content=\"2026-01-18T09:56:12+00:00\" \/>\n<meta property=\"og:image\" content=\"https:\/\/www.visionlarge.ch\/Blog\/wp-content\/uploads\/YverdonTrash2025_1-scaled.jpg\" \/>\n\t<meta property=\"og:image:width\" content=\"2560\" \/>\n\t<meta property=\"og:image:height\" content=\"1751\" \/>\n\t<meta property=\"og:image:type\" content=\"image\/jpeg\" \/>\n<meta name=\"author\" content=\"Visionlarge\" \/>\n<meta name=\"twitter:card\" content=\"summary_large_image\" \/>\n<meta name=\"twitter:creator\" content=\"@visionlarge\" \/>\n<meta name=\"twitter:site\" content=\"@visionlarge\" \/>\n<meta name=\"twitter:label1\" content=\"\u00c9crit par\" \/>\n\t<meta name=\"twitter:data1\" content=\"Visionlarge\" \/>\n\t<meta name=\"twitter:label2\" content=\"Dur\u00e9e de lecture estim\u00e9e\" \/>\n\t<meta name=\"twitter:data2\" content=\"6 minutes\" \/>\n<script type=\"application\/ld+json\" class=\"yoast-schema-graph\">{\"@context\":\"https:\\\/\\\/schema.org\",\"@graph\":[{\"@type\":\"Article\",\"@id\":\"https:\\\/\\\/www.visionlarge.ch\\\/Blog\\\/photos-de-concert\\\/#article\",\"isPartOf\":{\"@id\":\"https:\\\/\\\/www.visionlarge.ch\\\/Blog\\\/photos-de-concert\\\/\"},\"author\":{\"name\":\"Visionlarge\",\"@id\":\"https:\\\/\\\/www.visionlarge.ch\\\/Blog\\\/#\\\/schema\\\/person\\\/b1280adcf8dd414efb101660dca80274\"},\"headline\":\"Trash&amp;Co en live \u00e0 Yverdon\",\"datePublished\":\"2025-06-24T18:35:40+00:00\",\"dateModified\":\"2026-01-18T09:56:12+00:00\",\"mainEntityOfPage\":{\"@id\":\"https:\\\/\\\/www.visionlarge.ch\\\/Blog\\\/photos-de-concert\\\/\"},\"wordCount\":767,\"commentCount\":0,\"publisher\":{\"@id\":\"https:\\\/\\\/www.visionlarge.ch\\\/Blog\\\/#\\\/schema\\\/person\\\/b1280adcf8dd414efb101660dca80274\"},\"image\":{\"@id\":\"https:\\\/\\\/www.visionlarge.ch\\\/Blog\\\/photos-de-concert\\\/#primaryimage\"},\"thumbnailUrl\":\"https:\\\/\\\/www.visionlarge.ch\\\/Blog\\\/wp-content\\\/uploads\\\/YverdonTrash2025_1-scaled.jpg\",\"keywords\":[\"135mm f2\",\"Canon EOS R\",\"concert Yverdon\",\"F\u00eate de la Musique 2025\",\"groupe suisse romand\",\"musique romande\",\"photo live\",\"photographie de concert\",\"punksuisse\",\"rock punk suisse\",\"Trash&amp;Co\",\"trashandco\"],\"articleSection\":[\"Histoire d'une image\"],\"inLanguage\":\"fr-FR\",\"potentialAction\":[{\"@type\":\"CommentAction\",\"name\":\"Comment\",\"target\":[\"https:\\\/\\\/www.visionlarge.ch\\\/Blog\\\/photos-de-concert\\\/#respond\"]}]},{\"@type\":\"WebPage\",\"@id\":\"https:\\\/\\\/www.visionlarge.ch\\\/Blog\\\/photos-de-concert\\\/\",\"url\":\"https:\\\/\\\/www.visionlarge.ch\\\/Blog\\\/photos-de-concert\\\/\",\"name\":\"Trash&amp;Co en live \u00e0 Yverdon &#8212; Visionlarge.ch\",\"isPartOf\":{\"@id\":\"https:\\\/\\\/www.visionlarge.ch\\\/Blog\\\/#website\"},\"primaryImageOfPage\":{\"@id\":\"https:\\\/\\\/www.visionlarge.ch\\\/Blog\\\/photos-de-concert\\\/#primaryimage\"},\"image\":{\"@id\":\"https:\\\/\\\/www.visionlarge.ch\\\/Blog\\\/photos-de-concert\\\/#primaryimage\"},\"thumbnailUrl\":\"https:\\\/\\\/www.visionlarge.ch\\\/Blog\\\/wp-content\\\/uploads\\\/YverdonTrash2025_1-scaled.jpg\",\"datePublished\":\"2025-06-24T18:35:40+00:00\",\"dateModified\":\"2026-01-18T09:56:12+00:00\",\"description\":\"Visionlarge.ch\",\"breadcrumb\":{\"@id\":\"https:\\\/\\\/www.visionlarge.ch\\\/Blog\\\/photos-de-concert\\\/#breadcrumb\"},\"inLanguage\":\"fr-FR\",\"potentialAction\":[{\"@type\":\"ReadAction\",\"target\":[\"https:\\\/\\\/www.visionlarge.ch\\\/Blog\\\/photos-de-concert\\\/\"]}]},{\"@type\":\"ImageObject\",\"inLanguage\":\"fr-FR\",\"@id\":\"https:\\\/\\\/www.visionlarge.ch\\\/Blog\\\/photos-de-concert\\\/#primaryimage\",\"url\":\"https:\\\/\\\/www.visionlarge.ch\\\/Blog\\\/wp-content\\\/uploads\\\/YverdonTrash2025_1-scaled.jpg\",\"contentUrl\":\"https:\\\/\\\/www.visionlarge.ch\\\/Blog\\\/wp-content\\\/uploads\\\/YverdonTrash2025_1-scaled.jpg\",\"width\":2560,\"height\":1751,\"caption\":\"Canon EOS R, Canon 135 F2 L\"},{\"@type\":\"BreadcrumbList\",\"@id\":\"https:\\\/\\\/www.visionlarge.ch\\\/Blog\\\/photos-de-concert\\\/#breadcrumb\",\"itemListElement\":[{\"@type\":\"ListItem\",\"position\":1,\"name\":\"Accueil\",\"item\":\"https:\\\/\\\/www.visionlarge.ch\\\/Blog\\\/\"},{\"@type\":\"ListItem\",\"position\":2,\"name\":\"Trash&amp;Co en live \u00e0 Yverdon\"}]},{\"@type\":\"WebSite\",\"@id\":\"https:\\\/\\\/www.visionlarge.ch\\\/Blog\\\/#website\",\"url\":\"https:\\\/\\\/www.visionlarge.ch\\\/Blog\\\/\",\"name\":\"Bovard Alain, mon blog photo\",\"description\":\"C&#039;est toujours plus beau en visionlarge...\",\"publisher\":{\"@id\":\"https:\\\/\\\/www.visionlarge.ch\\\/Blog\\\/#\\\/schema\\\/person\\\/b1280adcf8dd414efb101660dca80274\"},\"alternateName\":\"visionlarge\",\"potentialAction\":[{\"@type\":\"SearchAction\",\"target\":{\"@type\":\"EntryPoint\",\"urlTemplate\":\"https:\\\/\\\/www.visionlarge.ch\\\/Blog\\\/?s={search_term_string}\"},\"query-input\":{\"@type\":\"PropertyValueSpecification\",\"valueRequired\":true,\"valueName\":\"search_term_string\"}}],\"inLanguage\":\"fr-FR\"},{\"@type\":[\"Person\",\"Organization\"],\"@id\":\"https:\\\/\\\/www.visionlarge.ch\\\/Blog\\\/#\\\/schema\\\/person\\\/b1280adcf8dd414efb101660dca80274\",\"name\":\"Visionlarge\",\"image\":{\"@type\":\"ImageObject\",\"inLanguage\":\"fr-FR\",\"@id\":\"https:\\\/\\\/secure.gravatar.com\\\/avatar\\\/5a4cf7a2f94117044ce51a4d732d4e9e02f76cc87fa0508945a18215c8a0613b?s=96&d=mm&r=g\",\"url\":\"https:\\\/\\\/secure.gravatar.com\\\/avatar\\\/5a4cf7a2f94117044ce51a4d732d4e9e02f76cc87fa0508945a18215c8a0613b?s=96&d=mm&r=g\",\"contentUrl\":\"https:\\\/\\\/secure.gravatar.com\\\/avatar\\\/5a4cf7a2f94117044ce51a4d732d4e9e02f76cc87fa0508945a18215c8a0613b?s=96&d=mm&r=g\",\"caption\":\"Visionlarge\"},\"logo\":{\"@id\":\"https:\\\/\\\/secure.gravatar.com\\\/avatar\\\/5a4cf7a2f94117044ce51a4d732d4e9e02f76cc87fa0508945a18215c8a0613b?s=96&d=mm&r=g\"},\"sameAs\":[\"http:\\\/\\\/www.visionlarge.ch\\\/Blog\"],\"url\":\"https:\\\/\\\/www.visionlarge.ch\\\/Blog\\\/author\\\/abovard\\\/\"}]}<\/script>\n<!-- \/ Yoast SEO plugin. -->","yoast_head_json":{"title":"Trash&amp;Co en live \u00e0 Yverdon &#8212; Visionlarge.ch","description":"Visionlarge.ch","robots":{"index":"index","follow":"follow","max-snippet":"max-snippet:-1","max-image-preview":"max-image-preview:large","max-video-preview":"max-video-preview:-1"},"canonical":"https:\/\/www.visionlarge.ch\/Blog\/photos-de-concert\/","og_locale":"fr_FR","og_type":"article","og_title":"Trash&amp;Co en live \u00e0 Yverdon &#8212; Visionlarge.ch","og_url":"https:\/\/www.visionlarge.ch\/Blog\/photos-de-concert\/","og_site_name":"Visionlarge.ch","article_published_time":"2025-06-24T18:35:40+00:00","article_modified_time":"2026-01-18T09:56:12+00:00","og_image":[{"width":2560,"height":1751,"url":"https:\/\/www.visionlarge.ch\/Blog\/wp-content\/uploads\/YverdonTrash2025_1-scaled.jpg","type":"image\/jpeg"}],"author":"Visionlarge","twitter_card":"summary_large_image","twitter_creator":"@visionlarge","twitter_site":"@visionlarge","twitter_misc":{"\u00c9crit par":"Visionlarge","Dur\u00e9e de lecture estim\u00e9e":"6 minutes"},"schema":{"@context":"https:\/\/schema.org","@graph":[{"@type":"Article","@id":"https:\/\/www.visionlarge.ch\/Blog\/photos-de-concert\/#article","isPartOf":{"@id":"https:\/\/www.visionlarge.ch\/Blog\/photos-de-concert\/"},"author":{"name":"Visionlarge","@id":"https:\/\/www.visionlarge.ch\/Blog\/#\/schema\/person\/b1280adcf8dd414efb101660dca80274"},"headline":"Trash&amp;Co en live \u00e0 Yverdon","datePublished":"2025-06-24T18:35:40+00:00","dateModified":"2026-01-18T09:56:12+00:00","mainEntityOfPage":{"@id":"https:\/\/www.visionlarge.ch\/Blog\/photos-de-concert\/"},"wordCount":767,"commentCount":0,"publisher":{"@id":"https:\/\/www.visionlarge.ch\/Blog\/#\/schema\/person\/b1280adcf8dd414efb101660dca80274"},"image":{"@id":"https:\/\/www.visionlarge.ch\/Blog\/photos-de-concert\/#primaryimage"},"thumbnailUrl":"https:\/\/www.visionlarge.ch\/Blog\/wp-content\/uploads\/YverdonTrash2025_1-scaled.jpg","keywords":["135mm f2","Canon EOS R","concert Yverdon","F\u00eate de la Musique 2025","groupe suisse romand","musique romande","photo live","photographie de concert","punksuisse","rock punk suisse","Trash&amp;Co","trashandco"],"articleSection":["Histoire d'une image"],"inLanguage":"fr-FR","potentialAction":[{"@type":"CommentAction","name":"Comment","target":["https:\/\/www.visionlarge.ch\/Blog\/photos-de-concert\/#respond"]}]},{"@type":"WebPage","@id":"https:\/\/www.visionlarge.ch\/Blog\/photos-de-concert\/","url":"https:\/\/www.visionlarge.ch\/Blog\/photos-de-concert\/","name":"Trash&amp;Co en live \u00e0 Yverdon &#8212; Visionlarge.ch","isPartOf":{"@id":"https:\/\/www.visionlarge.ch\/Blog\/#website"},"primaryImageOfPage":{"@id":"https:\/\/www.visionlarge.ch\/Blog\/photos-de-concert\/#primaryimage"},"image":{"@id":"https:\/\/www.visionlarge.ch\/Blog\/photos-de-concert\/#primaryimage"},"thumbnailUrl":"https:\/\/www.visionlarge.ch\/Blog\/wp-content\/uploads\/YverdonTrash2025_1-scaled.jpg","datePublished":"2025-06-24T18:35:40+00:00","dateModified":"2026-01-18T09:56:12+00:00","description":"Visionlarge.ch","breadcrumb":{"@id":"https:\/\/www.visionlarge.ch\/Blog\/photos-de-concert\/#breadcrumb"},"inLanguage":"fr-FR","potentialAction":[{"@type":"ReadAction","target":["https:\/\/www.visionlarge.ch\/Blog\/photos-de-concert\/"]}]},{"@type":"ImageObject","inLanguage":"fr-FR","@id":"https:\/\/www.visionlarge.ch\/Blog\/photos-de-concert\/#primaryimage","url":"https:\/\/www.visionlarge.ch\/Blog\/wp-content\/uploads\/YverdonTrash2025_1-scaled.jpg","contentUrl":"https:\/\/www.visionlarge.ch\/Blog\/wp-content\/uploads\/YverdonTrash2025_1-scaled.jpg","width":2560,"height":1751,"caption":"Canon EOS R, Canon 135 F2 L"},{"@type":"BreadcrumbList","@id":"https:\/\/www.visionlarge.ch\/Blog\/photos-de-concert\/#breadcrumb","itemListElement":[{"@type":"ListItem","position":1,"name":"Accueil","item":"https:\/\/www.visionlarge.ch\/Blog\/"},{"@type":"ListItem","position":2,"name":"Trash&amp;Co en live \u00e0 Yverdon"}]},{"@type":"WebSite","@id":"https:\/\/www.visionlarge.ch\/Blog\/#website","url":"https:\/\/www.visionlarge.ch\/Blog\/","name":"Bovard Alain, mon blog photo","description":"C&#039;est toujours plus beau en visionlarge...","publisher":{"@id":"https:\/\/www.visionlarge.ch\/Blog\/#\/schema\/person\/b1280adcf8dd414efb101660dca80274"},"alternateName":"visionlarge","potentialAction":[{"@type":"SearchAction","target":{"@type":"EntryPoint","urlTemplate":"https:\/\/www.visionlarge.ch\/Blog\/?s={search_term_string}"},"query-input":{"@type":"PropertyValueSpecification","valueRequired":true,"valueName":"search_term_string"}}],"inLanguage":"fr-FR"},{"@type":["Person","Organization"],"@id":"https:\/\/www.visionlarge.ch\/Blog\/#\/schema\/person\/b1280adcf8dd414efb101660dca80274","name":"Visionlarge","image":{"@type":"ImageObject","inLanguage":"fr-FR","@id":"https:\/\/secure.gravatar.com\/avatar\/5a4cf7a2f94117044ce51a4d732d4e9e02f76cc87fa0508945a18215c8a0613b?s=96&d=mm&r=g","url":"https:\/\/secure.gravatar.com\/avatar\/5a4cf7a2f94117044ce51a4d732d4e9e02f76cc87fa0508945a18215c8a0613b?s=96&d=mm&r=g","contentUrl":"https:\/\/secure.gravatar.com\/avatar\/5a4cf7a2f94117044ce51a4d732d4e9e02f76cc87fa0508945a18215c8a0613b?s=96&d=mm&r=g","caption":"Visionlarge"},"logo":{"@id":"https:\/\/secure.gravatar.com\/avatar\/5a4cf7a2f94117044ce51a4d732d4e9e02f76cc87fa0508945a18215c8a0613b?s=96&d=mm&r=g"},"sameAs":["http:\/\/www.visionlarge.ch\/Blog"],"url":"https:\/\/www.visionlarge.ch\/Blog\/author\/abovard\/"}]}},"_links":{"self":[{"href":"https:\/\/www.visionlarge.ch\/Blog\/wp-json\/wp\/v2\/posts\/10128","targetHints":{"allow":["GET"]}}],"collection":[{"href":"https:\/\/www.visionlarge.ch\/Blog\/wp-json\/wp\/v2\/posts"}],"about":[{"href":"https:\/\/www.visionlarge.ch\/Blog\/wp-json\/wp\/v2\/types\/post"}],"author":[{"embeddable":true,"href":"https:\/\/www.visionlarge.ch\/Blog\/wp-json\/wp\/v2\/users\/1"}],"replies":[{"embeddable":true,"href":"https:\/\/www.visionlarge.ch\/Blog\/wp-json\/wp\/v2\/comments?post=10128"}],"version-history":[{"count":32,"href":"https:\/\/www.visionlarge.ch\/Blog\/wp-json\/wp\/v2\/posts\/10128\/revisions"}],"predecessor-version":[{"id":11441,"href":"https:\/\/www.visionlarge.ch\/Blog\/wp-json\/wp\/v2\/posts\/10128\/revisions\/11441"}],"wp:featuredmedia":[{"embeddable":true,"href":"https:\/\/www.visionlarge.ch\/Blog\/wp-json\/wp\/v2\/media\/10127"}],"wp:attachment":[{"href":"https:\/\/www.visionlarge.ch\/Blog\/wp-json\/wp\/v2\/media?parent=10128"}],"wp:term":[{"taxonomy":"category","embeddable":true,"href":"https:\/\/www.visionlarge.ch\/Blog\/wp-json\/wp\/v2\/categories?post=10128"},{"taxonomy":"post_tag","embeddable":true,"href":"https:\/\/www.visionlarge.ch\/Blog\/wp-json\/wp\/v2\/tags?post=10128"}],"curies":[{"name":"wp","href":"https:\/\/api.w.org\/{rel}","templated":true}]}}